{"id":10402,"date":"2024-07-23T15:04:00","date_gmt":"2024-07-23T18:04:00","guid":{"rendered":"https:\/\/fundacaomariacecilia.org.br\/?post_type=noticias&#038;p=10402"},"modified":"2024-11-26T15:39:48","modified_gmt":"2024-11-26T18:39:48","slug":"recomendacoes-mostram-o-que-candidatas-e-candidatos-devem-fazer-para-priorizar-a-primeira-infancia","status":"publish","type":"noticias","link":"https:\/\/fundacaomariacecilia.org.br\/en\/noticias\/recomendacoes-mostram-o-que-candidatas-e-candidatos-devem-fazer-para-priorizar-a-primeira-infancia\/","title":{"rendered":"Recommendations for Prioritizing Early Childhood in Political Agendas"},"content":{"rendered":"<figure class=\"wp-block-image size-full\"><img loading=\"lazy\" decoding=\"async\" width=\"1000\" height=\"350\" src=\"https:\/\/fundacaomariacecilia.org.br\/wp-content\/uploads\/2024\/07\/recomendacoes-eleicoes-primeira-infancia-fundacao-maria-cecilia-2024.webp\" alt=\"Um menino negro e um profissional da educa\u00e7\u00e3o infantil sem g\u00eanero especificado brincam com as m\u00e3os. Imagem ilustra a mat\u00e9ria &quot;Recomenda\u00e7\u00f5es mostram o que candidatas e candidatos devem fazer para priorizar a primeira inf\u00e2ncia&quot;.\" class=\"wp-image-11682\" srcset=\"https:\/\/fundacaomariacecilia.org.br\/wp-content\/uploads\/2024\/07\/recomendacoes-eleicoes-primeira-infancia-fundacao-maria-cecilia-2024.webp 1000w, https:\/\/fundacaomariacecilia.org.br\/wp-content\/uploads\/2024\/07\/recomendacoes-eleicoes-primeira-infancia-fundacao-maria-cecilia-2024-300x105.webp 300w, https:\/\/fundacaomariacecilia.org.br\/wp-content\/uploads\/2024\/07\/recomendacoes-eleicoes-primeira-infancia-fundacao-maria-cecilia-2024-768x269.webp 768w, https:\/\/fundacaomariacecilia.org.br\/wp-content\/uploads\/2024\/07\/recomendacoes-eleicoes-primeira-infancia-fundacao-maria-cecilia-2024-18x6.webp 18w\" sizes=\"(max-width: 1000px) 100vw, 1000px\" \/><\/figure>\n\n\n\n<p>Os primeiros seis anos de vida s\u00e3o essenciais para o desenvolvimento infantil, estabelecendo as bases <\/p>\n\n\n\n<p>Os primeiros seis anos de vida s\u00e3o essenciais para o desenvolvimento infantil, estabelecendo as bases para a sa\u00fade f\u00edsica, cognitiva e socioemocional. Garantir uma inf\u00e2ncia plena \u00e9 dever das fam\u00edlias, da sociedade e do Estado, <a href=\"https:\/\/fundacaomariacecilia.org.br\/en\/primeira-infancia\/\" target=\"_blank\" rel=\"noreferrer noopener\"><span style=\"text-decoration: underline;\">como manda a Constitui\u00e7\u00e3o Federal<\/span><\/a>. As prefeituras t\u00eam um papel fundamental, pois \u00e9 no munic\u00edpio que as pol\u00edticas p\u00fablicas para a primeira inf\u00e2ncia se materializam e chegam \u00e0s crian\u00e7as e seus cuidadores.\u00a0\u00a0<\/p>\n\n\n\n<p>Para colaborar com a qualifica\u00e7\u00e3o dessa tem\u00e1tica, a Funda\u00e7\u00e3o Maria Cecilia Souto Vidigal elaborou seis recomenda\u00e7\u00f5es que mostram o que as candidatas e candidatos que v\u00e3o disputar as elei\u00e7\u00f5es municipais de 2024 por todo o pa\u00eds devem fazer para priorizar as crian\u00e7as pequenas desde j\u00e1.&nbsp;&nbsp;<\/p>\n\n\n\n<h2 class=\"wp-block-heading\">A import\u00e2ncia da intersetorialidade em pol\u00edticas para a primeira inf\u00e2ncia<\/h2>\n\n\n\n<p>Baseadas em dados e evid\u00eancias, as recomenda\u00e7\u00f5es est\u00e3o divididas em seis campos tem\u00e1ticos e enfatizam a necessidade de uma abordagem intersetorial, que considere todas as dimens\u00f5es e necessidades das crian\u00e7as e seus cuidadores.&nbsp;<\/p>\n\n\n\n<p>Detailed information about the recommendations is available on the platform <a href=\"https:\/\/primeirainfanciaprimeiro.fmcsv.org.br\/recomendacoes-eleicoes\/todas\/\" target=\"_blank\" rel=\"noreferrer noopener\"><span style=\"text-decoration: underline;\">Early Childhood First<\/span><\/a>. Tamb\u00e9m h\u00e1 uma <span style=\"text-decoration: underline;\"><a href=\"https:\/\/biblioteca.fmcsv.org.br\/biblioteca\/eleicoes-2024-6-recomendacoes-essenciais-para-a-primeira-infancia\/\" target=\"_blank\" rel=\"noreferrer noopener\">vers\u00e3o para download<\/a><\/span>, que re\u00fane as seis recomenda\u00e7\u00f5es em um pequeno livro digital.<\/p>\n\n\n\n<p><strong>As recomenda\u00e7\u00f5es da Funda\u00e7\u00e3o defendem que:<\/strong><\/p>\n\n\n\n<ul class=\"wp-block-list\">\n<li>A primeira inf\u00e2ncia deve fazer parte de uma pol\u00edtica permanente\u00a0<\/li>\n\n\n\n<li>Quality and equity are essential in early childhood education, not just the availability within schools\u00a0<\/li>\n\n\n\n<li>Apoio \u00e0 fam\u00edlia fortalece o desenvolvimento infantil\u00a0<\/li>\n\n\n\n<li>Cuidar da sa\u00fade na primeira inf\u00e2ncia come\u00e7a na gesta\u00e7\u00e3o\u00a0<\/li>\n\n\n\n<li>Pol\u00edtica antirracista combate desigualdades desde a inf\u00e2ncia\u00a0<\/li>\n\n\n\n<li>A seguran\u00e7a p\u00fablica passa por cuidar das crian\u00e7as<\/li>\n<\/ul>\n\n\n\n<p><\/p>\n\n\n\n<p>\u201cPara que sejam eficazes no apoio ao desenvolvimento infantil, as a\u00e7\u00f5es para a primeira inf\u00e2ncia precisam ser planejadas como uma pol\u00edtica permanente, de forma institucionalizada, e os gestores municipais t\u00eam um papel important\u00edssimo nessa agenda\u201d, afirma Mariana Luz, CEO da Funda\u00e7\u00e3o Maria Cecilia Souto Vidigal.&nbsp;<\/p>\n\n\n\n<p>These guidelines align with Agenda 227 and have been endorsed by the Foundation and over 100 other organizations. For more details, visit the website <a href=\"https:\/\/agenda227.org.br\/\" target=\"_blank\" rel=\"noreferrer noopener\"><span style=\"text-decoration: underline;\">\"Absolute Priority in Elections 2024\".<\/span><\/a><\/p>","protected":false},"excerpt":{"rendered":"<p>The Funda\u00e7\u00e3o Maria Cecilia Souto Vidigal has developed guidelines to ensure that public policies for children from birth to six years old are incorporated and strengthened in government plans during these municipal elections<\/p>","protected":false},"author":3,"featured_media":0,"parent":0,"template":"","meta":[],"class_list":["post-10402","noticias","type-noticias","status-publish","hentry"],"acf":[],"yoast_head":"<!-- This site is optimized with the Yoast SEO plugin v24.4 - https:\/\/yoast.com\/wordpress\/plugins\/seo\/ -->\n<title>Recomenda\u00e7\u00f5es mostram o que candidatas e candidatos devem fazer para priorizar a primeira inf\u00e2ncia - Funda\u00e7\u00e3o Maria Cecilia Souto Vidigal<\/title>\n<meta name=\"robots\" content=\"index, follow, max-snippet:-1, max-image-preview:large, max-video-preview:-1\" \/>\n<link rel=\"canonical\" href=\"https:\/\/fundacaomariacecilia.org.br\/en\/noticias\/recomendacoes-mostram-o-que-candidatas-e-candidatos-devem-fazer-para-priorizar-a-primeira-infancia\/\" \/>\n<meta property=\"og:locale\" content=\"en_US\" \/>\n<meta property=\"og:type\" content=\"article\" \/>\n<meta property=\"og:title\" content=\"Recomenda\u00e7\u00f5es mostram o que candidatas e candidatos devem fazer para priorizar a primeira inf\u00e2ncia - Funda\u00e7\u00e3o Maria Cecilia Souto Vidigal\" \/>\n<meta property=\"og:description\" content=\"Funda\u00e7\u00e3o Maria Cecilia Souto Vidigal reuniu orienta\u00e7\u00f5es para que as pol\u00edticas p\u00fablicas voltadas para as crian\u00e7as de 0 a 6 anos sejam inclu\u00eddas nos planos de governo e potencializadas nestas elei\u00e7\u00f5es municipais\" \/>\n<meta property=\"og:url\" content=\"https:\/\/fundacaomariacecilia.org.br\/en\/noticias\/recomendacoes-mostram-o-que-candidatas-e-candidatos-devem-fazer-para-priorizar-a-primeira-infancia\/\" \/>\n<meta property=\"og:site_name\" content=\"Funda\u00e7\u00e3o Maria Cecilia Souto Vidigal\" \/>\n<meta property=\"article:publisher\" content=\"https:\/\/www.facebook.com\/FundacaoMariaCeciliaSoutoVidigal\/\" \/>\n<meta property=\"article:modified_time\" content=\"2024-11-26T18:39:48+00:00\" \/>\n<meta property=\"og:image\" content=\"https:\/\/fundacaomariacecilia.org.br\/wp-content\/uploads\/2024\/07\/recomendacoes-eleicoes-primeira-infancia-fundacao-maria-cecilia-2024.webp\" \/>\n\t<meta property=\"og:image:width\" content=\"1000\" \/>\n\t<meta property=\"og:image:height\" content=\"350\" \/>\n\t<meta property=\"og:image:type\" content=\"image\/webp\" \/>\n<meta name=\"twitter:card\" content=\"summary_large_image\" \/>\n<meta name=\"twitter:label1\" content=\"Est. reading time\" \/>\n\t<meta name=\"twitter:data1\" content=\"2 minutes\" \/>\n<script type=\"application\/ld+json\" class=\"yoast-schema-graph\">{\"@context\":\"https:\/\/schema.org\",\"@graph\":[{\"@type\":\"WebPage\",\"@id\":\"https:\/\/fundacaomariacecilia.org.br\/noticias\/recomendacoes-mostram-o-que-candidatas-e-candidatos-devem-fazer-para-priorizar-a-primeira-infancia\/\",\"url\":\"https:\/\/fundacaomariacecilia.org.br\/noticias\/recomendacoes-mostram-o-que-candidatas-e-candidatos-devem-fazer-para-priorizar-a-primeira-infancia\/\",\"name\":\"Recomenda\u00e7\u00f5es mostram o que candidatas e candidatos devem fazer para priorizar a primeira inf\u00e2ncia - Funda\u00e7\u00e3o Maria Cecilia Souto Vidigal\",\"isPartOf\":{\"@id\":\"https:\/\/fmcsv.sandbox.dev.br\/#website\"},\"primaryImageOfPage\":{\"@id\":\"https:\/\/fundacaomariacecilia.org.br\/noticias\/recomendacoes-mostram-o-que-candidatas-e-candidatos-devem-fazer-para-priorizar-a-primeira-infancia\/#primaryimage\"},\"image\":{\"@id\":\"https:\/\/fundacaomariacecilia.org.br\/noticias\/recomendacoes-mostram-o-que-candidatas-e-candidatos-devem-fazer-para-priorizar-a-primeira-infancia\/#primaryimage\"},\"thumbnailUrl\":\"https:\/\/fundacaomariacecilia.org.br\/wp-content\/uploads\/2024\/07\/recomendacoes-eleicoes-primeira-infancia-fundacao-maria-cecilia-2024.webp\",\"datePublished\":\"2024-07-23T18:04:00+00:00\",\"dateModified\":\"2024-11-26T18:39:48+00:00\",\"breadcrumb\":{\"@id\":\"https:\/\/fundacaomariacecilia.org.br\/noticias\/recomendacoes-mostram-o-que-candidatas-e-candidatos-devem-fazer-para-priorizar-a-primeira-infancia\/#breadcrumb\"},\"inLanguage\":\"en-US\",\"potentialAction\":[{\"@type\":\"ReadAction\",\"target\":[\"https:\/\/fundacaomariacecilia.org.br\/noticias\/recomendacoes-mostram-o-que-candidatas-e-candidatos-devem-fazer-para-priorizar-a-primeira-infancia\/\"]}]},{\"@type\":\"ImageObject\",\"inLanguage\":\"en-US\",\"@id\":\"https:\/\/fundacaomariacecilia.org.br\/noticias\/recomendacoes-mostram-o-que-candidatas-e-candidatos-devem-fazer-para-priorizar-a-primeira-infancia\/#primaryimage\",\"url\":\"https:\/\/fundacaomariacecilia.org.br\/wp-content\/uploads\/2024\/07\/recomendacoes-eleicoes-primeira-infancia-fundacao-maria-cecilia-2024.webp\",\"contentUrl\":\"https:\/\/fundacaomariacecilia.org.br\/wp-content\/uploads\/2024\/07\/recomendacoes-eleicoes-primeira-infancia-fundacao-maria-cecilia-2024.webp\"},{\"@type\":\"BreadcrumbList\",\"@id\":\"https:\/\/fundacaomariacecilia.org.br\/noticias\/recomendacoes-mostram-o-que-candidatas-e-candidatos-devem-fazer-para-priorizar-a-primeira-infancia\/#breadcrumb\",\"itemListElement\":[{\"@type\":\"ListItem\",\"position\":1,\"name\":\"In\u00edcio\",\"item\":\"https:\/\/fundacaomariacecilia.org.br\/\"},{\"@type\":\"ListItem\",\"position\":2,\"name\":\"Recomenda\u00e7\u00f5es mostram o que candidatas e candidatos devem fazer para priorizar a primeira inf\u00e2ncia\"}]},{\"@type\":\"WebSite\",\"@id\":\"https:\/\/fmcsv.sandbox.dev.br\/#website\",\"url\":\"https:\/\/fmcsv.sandbox.dev.br\/\",\"name\":\"Funda\u00e7\u00e3o Maria Cecilia Souto Vidigal\",\"description\":\"Cuidar de cada crian\u00e7a \u00e9 cuidar do pa\u00eds inteiro\",\"publisher\":{\"@id\":\"https:\/\/fmcsv.sandbox.dev.br\/#organization\"},\"potentialAction\":[{\"@type\":\"SearchAction\",\"target\":{\"@type\":\"EntryPoint\",\"urlTemplate\":\"https:\/\/fmcsv.sandbox.dev.br\/?s={search_term_string}\"},\"query-input\":{\"@type\":\"PropertyValueSpecification\",\"valueRequired\":true,\"valueName\":\"search_term_string\"}}],\"inLanguage\":\"en-US\"},{\"@type\":\"Organization\",\"@id\":\"https:\/\/fmcsv.sandbox.dev.br\/#organization\",\"name\":\"Funda\u00e7\u00e3o Maria Cecilia Souto Vidigal\",\"url\":\"https:\/\/fmcsv.sandbox.dev.br\/\",\"logo\":{\"@type\":\"ImageObject\",\"inLanguage\":\"en-US\",\"@id\":\"https:\/\/fmcsv.sandbox.dev.br\/#\/schema\/logo\/image\/\",\"url\":\"https:\/\/fundacaomariacecilia.org.br\/wp-content\/uploads\/2024\/04\/Logo.svg\",\"contentUrl\":\"https:\/\/fundacaomariacecilia.org.br\/wp-content\/uploads\/2024\/04\/Logo.svg\",\"caption\":\"Funda\u00e7\u00e3o Maria Cecilia Souto Vidigal\"},\"image\":{\"@id\":\"https:\/\/fmcsv.sandbox.dev.br\/#\/schema\/logo\/image\/\"},\"sameAs\":[\"https:\/\/www.facebook.com\/FundacaoMariaCeciliaSoutoVidigal\/\",\"https:\/\/www.linkedin.com\/company\/fmcsv\/\",\"https:\/\/www.instagram.com\/fundacaomariacecilia\/\"]}]}<\/script>\n<!-- \/ Yoast SEO plugin. -->","yoast_head_json":{"title":"Recomenda\u00e7\u00f5es mostram o que candidatas e candidatos devem fazer para priorizar a primeira inf\u00e2ncia - Funda\u00e7\u00e3o Maria Cecilia Souto Vidigal","robots":{"index":"index","follow":"follow","max-snippet":"max-snippet:-1","max-image-preview":"max-image-preview:large","max-video-preview":"max-video-preview:-1"},"canonical":"https:\/\/fundacaomariacecilia.org.br\/en\/noticias\/recomendacoes-mostram-o-que-candidatas-e-candidatos-devem-fazer-para-priorizar-a-primeira-infancia\/","og_locale":"en_US","og_type":"article","og_title":"Recomenda\u00e7\u00f5es mostram o que candidatas e candidatos devem fazer para priorizar a primeira inf\u00e2ncia - Funda\u00e7\u00e3o Maria Cecilia Souto Vidigal","og_description":"Funda\u00e7\u00e3o Maria Cecilia Souto Vidigal reuniu orienta\u00e7\u00f5es para que as pol\u00edticas p\u00fablicas voltadas para as crian\u00e7as de 0 a 6 anos sejam inclu\u00eddas nos planos de governo e potencializadas nestas elei\u00e7\u00f5es municipais","og_url":"https:\/\/fundacaomariacecilia.org.br\/en\/noticias\/recomendacoes-mostram-o-que-candidatas-e-candidatos-devem-fazer-para-priorizar-a-primeira-infancia\/","og_site_name":"Funda\u00e7\u00e3o Maria Cecilia Souto Vidigal","article_publisher":"https:\/\/www.facebook.com\/FundacaoMariaCeciliaSoutoVidigal\/","article_modified_time":"2024-11-26T18:39:48+00:00","og_image":[{"width":1000,"height":350,"url":"https:\/\/fundacaomariacecilia.org.br\/wp-content\/uploads\/2024\/07\/recomendacoes-eleicoes-primeira-infancia-fundacao-maria-cecilia-2024.webp","type":"image\/webp"}],"twitter_card":"summary_large_image","twitter_misc":{"Est. reading time":"2 minutes"},"schema":{"@context":"https:\/\/schema.org","@graph":[{"@type":"WebPage","@id":"https:\/\/fundacaomariacecilia.org.br\/noticias\/recomendacoes-mostram-o-que-candidatas-e-candidatos-devem-fazer-para-priorizar-a-primeira-infancia\/","url":"https:\/\/fundacaomariacecilia.org.br\/noticias\/recomendacoes-mostram-o-que-candidatas-e-candidatos-devem-fazer-para-priorizar-a-primeira-infancia\/","name":"Recomenda\u00e7\u00f5es mostram o que candidatas e candidatos devem fazer para priorizar a primeira inf\u00e2ncia - Funda\u00e7\u00e3o Maria Cecilia Souto Vidigal","isPartOf":{"@id":"https:\/\/fmcsv.sandbox.dev.br\/#website"},"primaryImageOfPage":{"@id":"https:\/\/fundacaomariacecilia.org.br\/noticias\/recomendacoes-mostram-o-que-candidatas-e-candidatos-devem-fazer-para-priorizar-a-primeira-infancia\/#primaryimage"},"image":{"@id":"https:\/\/fundacaomariacecilia.org.br\/noticias\/recomendacoes-mostram-o-que-candidatas-e-candidatos-devem-fazer-para-priorizar-a-primeira-infancia\/#primaryimage"},"thumbnailUrl":"https:\/\/fundacaomariacecilia.org.br\/wp-content\/uploads\/2024\/07\/recomendacoes-eleicoes-primeira-infancia-fundacao-maria-cecilia-2024.webp","datePublished":"2024-07-23T18:04:00+00:00","dateModified":"2024-11-26T18:39:48+00:00","breadcrumb":{"@id":"https:\/\/fundacaomariacecilia.org.br\/noticias\/recomendacoes-mostram-o-que-candidatas-e-candidatos-devem-fazer-para-priorizar-a-primeira-infancia\/#breadcrumb"},"inLanguage":"en-US","potentialAction":[{"@type":"ReadAction","target":["https:\/\/fundacaomariacecilia.org.br\/noticias\/recomendacoes-mostram-o-que-candidatas-e-candidatos-devem-fazer-para-priorizar-a-primeira-infancia\/"]}]},{"@type":"ImageObject","inLanguage":"en-US","@id":"https:\/\/fundacaomariacecilia.org.br\/noticias\/recomendacoes-mostram-o-que-candidatas-e-candidatos-devem-fazer-para-priorizar-a-primeira-infancia\/#primaryimage","url":"https:\/\/fundacaomariacecilia.org.br\/wp-content\/uploads\/2024\/07\/recomendacoes-eleicoes-primeira-infancia-fundacao-maria-cecilia-2024.webp","contentUrl":"https:\/\/fundacaomariacecilia.org.br\/wp-content\/uploads\/2024\/07\/recomendacoes-eleicoes-primeira-infancia-fundacao-maria-cecilia-2024.webp"},{"@type":"BreadcrumbList","@id":"https:\/\/fundacaomariacecilia.org.br\/noticias\/recomendacoes-mostram-o-que-candidatas-e-candidatos-devem-fazer-para-priorizar-a-primeira-infancia\/#breadcrumb","itemListElement":[{"@type":"ListItem","position":1,"name":"In\u00edcio","item":"https:\/\/fundacaomariacecilia.org.br\/"},{"@type":"ListItem","position":2,"name":"Recomenda\u00e7\u00f5es mostram o que candidatas e candidatos devem fazer para priorizar a primeira inf\u00e2ncia"}]},{"@type":"WebSite","@id":"https:\/\/fmcsv.sandbox.dev.br\/#website","url":"https:\/\/fmcsv.sandbox.dev.br\/","name":"Funda\u00e7\u00e3o Maria Cecilia Souto Vidigal","description":"Caring for every child is caring for the whole country","publisher":{"@id":"https:\/\/fmcsv.sandbox.dev.br\/#organization"},"potentialAction":[{"@type":"SearchAction","target":{"@type":"EntryPoint","urlTemplate":"https:\/\/fmcsv.sandbox.dev.br\/?s={search_term_string}"},"query-input":{"@type":"PropertyValueSpecification","valueRequired":true,"valueName":"search_term_string"}}],"inLanguage":"en-US"},{"@type":"Organization","@id":"https:\/\/fmcsv.sandbox.dev.br\/#organization","name":"Funda\u00e7\u00e3o Maria Cecilia Souto Vidigal","url":"https:\/\/fmcsv.sandbox.dev.br\/","logo":{"@type":"ImageObject","inLanguage":"en-US","@id":"https:\/\/fmcsv.sandbox.dev.br\/#\/schema\/logo\/image\/","url":"https:\/\/fundacaomariacecilia.org.br\/wp-content\/uploads\/2024\/04\/Logo.svg","contentUrl":"https:\/\/fundacaomariacecilia.org.br\/wp-content\/uploads\/2024\/04\/Logo.svg","caption":"Funda\u00e7\u00e3o Maria Cecilia Souto Vidigal"},"image":{"@id":"https:\/\/fmcsv.sandbox.dev.br\/#\/schema\/logo\/image\/"},"sameAs":["https:\/\/www.facebook.com\/FundacaoMariaCeciliaSoutoVidigal\/","https:\/\/www.linkedin.com\/company\/fmcsv\/","https:\/\/www.instagram.com\/fundacaomariacecilia\/"]}]}},"_links":{"self":[{"href":"https:\/\/fundacaomariacecilia.org.br\/en\/wp-json\/wp\/v2\/noticias\/10402"}],"collection":[{"href":"https:\/\/fundacaomariacecilia.org.br\/en\/wp-json\/wp\/v2\/noticias"}],"about":[{"href":"https:\/\/fundacaomariacecilia.org.br\/en\/wp-json\/wp\/v2\/types\/noticias"}],"author":[{"embeddable":true,"href":"https:\/\/fundacaomariacecilia.org.br\/en\/wp-json\/wp\/v2\/users\/3"}],"wp:attachment":[{"href":"https:\/\/fundacaomariacecilia.org.br\/en\/wp-json\/wp\/v2\/media?parent=10402"}],"curies":[{"name":"wp","href":"https:\/\/api.w.org\/{rel}","templated":true}]}}