{"id":12494,"date":"2025-05-07T16:08:06","date_gmt":"2025-05-07T19:08:06","guid":{"rendered":"https:\/\/fundacaomariacecilia.org.br\/?post_type=noticias&#038;p=12494"},"modified":"2025-05-08T15:12:24","modified_gmt":"2025-05-08T18:12:24","slug":"censo-escolar-2024-o-que-os-novos-dados-revelam-sobre-a-educacao-infantil-no-brasil","status":"publish","type":"noticias","link":"https:\/\/fundacaomariacecilia.org.br\/en\/noticias\/censo-escolar-2024-o-que-os-novos-dados-revelam-sobre-a-educacao-infantil-no-brasil\/","title":{"rendered":"Censo Escolar 2024: o que os novos dados revelam sobre a educa\u00e7\u00e3o infantil no Brasil"},"content":{"rendered":"<figure class=\"wp-block-image size-full\"><img loading=\"lazy\" decoding=\"async\" width=\"1024\" height=\"350\" src=\"https:\/\/fundacaomariacecilia.org.br\/wp-content\/uploads\/2025\/05\/educacao-infantil-foto-por-julio-cesar-fmcsv-2024-120-1-1.jpg\" alt=\"\" class=\"wp-image-12496\" srcset=\"https:\/\/fundacaomariacecilia.org.br\/wp-content\/uploads\/2025\/05\/educacao-infantil-foto-por-julio-cesar-fmcsv-2024-120-1-1.jpg 1024w, https:\/\/fundacaomariacecilia.org.br\/wp-content\/uploads\/2025\/05\/educacao-infantil-foto-por-julio-cesar-fmcsv-2024-120-1-1-300x103.jpg 300w, https:\/\/fundacaomariacecilia.org.br\/wp-content\/uploads\/2025\/05\/educacao-infantil-foto-por-julio-cesar-fmcsv-2024-120-1-1-768x263.jpg 768w, https:\/\/fundacaomariacecilia.org.br\/wp-content\/uploads\/2025\/05\/educacao-infantil-foto-por-julio-cesar-fmcsv-2024-120-1-1-18x6.jpg 18w\" sizes=\"(max-width: 1024px) 100vw, 1024px\" \/><figcaption class=\"wp-element-caption\"><em>A Funda\u00e7\u00e3o Maria Cecilia Souto Vidigal acompanha a evolu\u00e7\u00e3o desses indicadores para apoiar gestores, educadores e toda a sociedade na constru\u00e7\u00e3o de um pa\u00eds mais justo desde o come\u00e7o da vida (Foto: J\u00falio C\u00e9sar\/Funda\u00e7\u00e3o Maria Cecilia Souto Vidigal)<\/em><\/figcaption><\/figure>\n\n\n\n<p>O Minist\u00e9rio da Educa\u00e7\u00e3o e o <a href=\"https:\/\/www.gov.br\/inep\/pt-br\/assuntos\/noticias\/censo-escolar\/mec-e-inep-contextualizam-resultados-do-censo-escolar-2024\"><span style=\"text-decoration: underline;\">Instituto Nacional de Estudos e Pesquisas Educacionais An\u00edsio Teixeira (Inep)<\/span><\/a> divulgaram os primeiros dados do Censo Escolar 2024, trazendo importantes informa\u00e7\u00f5es sobre a <a href=\"http:\/\/biblioteca.fmcsv.org.br\/biblioteca\/retrato-da-educacao-infantil-acesso-e-disponibilidade-de-vagas\/\"><strong><span style=\"text-decoration: underline;\">educa\u00e7\u00e3o infantil (creche e pr\u00e9-escola)<\/span><\/strong> <\/a>no pa\u00eds \u2014 em especial sobre as etapas da creche e da pr\u00e9-escola. Os n\u00fameros foram analisados e atualizados pela Funda\u00e7\u00e3o Maria Cecilia Souto Vidigal, que acompanha de perto a evolu\u00e7\u00e3o desses indicadores para fortalecer pol\u00edticas p\u00fablicas voltadas \u00e0 <a href=\"https:\/\/fundacaomariacecilia.org.br\/en\/noticias\/educacao-infantil-pne-fundacao-analise-plano-nacional-de-educacao\/#:~:text=educa%C3%A7%C3%A3o%20infantil\"><span style=\"text-decoration: underline;\">primeira inf\u00e2ncia<\/span><\/a>.<\/p>\n\n\n\n<h2 class=\"wp-block-heading\">Creche: crescimento e mudan\u00e7a no perfil das crian\u00e7as matriculadas<\/h2>\n\n\n\n<p>Em 2024, o Brasil contabilizou 4,2 milh\u00f5es de crian\u00e7as de 0 a 3 anos matriculadas em creches, um aumento de 1,5% em rela\u00e7\u00e3o a 2023. A maioria (66,9%) frequenta unidades p\u00fablicas. Um dado marcante \u00e9 que, pela primeira vez na s\u00e9rie hist\u00f3rica, as crian\u00e7as negras se tornaram maioria entre as matriculadas, passando de 34,7% para 40,2%.<\/p>\n\n\n\n<p>Outro aspecto significativo \u00e9 o avan\u00e7o do atendimento em tempo integral, que alcan\u00e7a 6 em cada 10 crian\u00e7as matriculadas. Em rela\u00e7\u00e3o aos profissionais, houve uma leve queda no n\u00famero de docentes, de 375,8 mil para 373,1 mil.<\/p>\n\n\n\n<h2 class=\"wp-block-heading\">Pr\u00e9-escola: leve queda nas matr\u00edculas e desafios regionais<\/h2>\n\n\n\n<p>A infraestrutura das unidades apresentou melhorias pontuais. A disponibilidade de equipamentos como&nbsp; quadras, parquinhos e brinquedos educativos aumentou. No entanto, a desigualdade entre as redes p\u00fablica e privada segue expressiva: escolas privadas continuam oferecendo o dobro de equipamentos como quadras e materiais de arte, por exemplo.<\/p>\n\n\n\n<p>J\u00e1 a pr\u00e9-escola, que atende crian\u00e7as de 4 a 5 anos, registrou 5,3 milh\u00f5es de matr\u00edculas em 2024 \u2014 uma redu\u00e7\u00e3o de 0,6% em rela\u00e7\u00e3o ao ano anterior. A maioria (77,9%) tamb\u00e9m est\u00e1 em unidades p\u00fablicas. Destaca-se o avan\u00e7o da representatividade das crian\u00e7as negras, que passaram de 38,1% para 43,7% das matr\u00edculas.<\/p>\n\n\n\n<p>O atendimento em tempo integral ainda representa um desafio: apenas 15,8% das crian\u00e7as da pr\u00e9-escola est\u00e3o matriculadas nesse formato. Por outro lado, o n\u00famero de docentes cresceu 1,6%, somando 366 mil profissionais.<\/p>\n\n\n\n<p>Entre as regi\u00f5es, o Norte e o Centro-Oeste registraram aumento no n\u00famero de matr\u00edculas, enquanto Sul, Sudeste e Nordeste apresentaram retra\u00e7\u00f5es, com quedas mais acentuadas no Piau\u00ed, Distrito Federal e Rio de Janeiro.<\/p>\n\n\n\n<h2 class=\"wp-block-heading\">Por que acompanhar esses dados \u00e9 fundamental?<\/h2>\n\n\n\n<p>Compreender e monitorar indicadores \u00e9 essencial para qualificar o debate p\u00fablico e fortalecer as pol\u00edticas voltadas \u00e0 primeira inf\u00e2ncia. \u00c9 durante os primeiros anos de vida que se estabelecem as bases do desenvolvimento infantil \u2014 e o <a href=\"https:\/\/fundacaomariacecilia.org.br\/en\/noticias\/educacao-infantil-pne-fundacao-analise-plano-nacional-de-educacao\/#:~:text=educa%C3%A7%C3%A3o%20infantil\"><span style=\"text-decoration: underline;\">acesso<\/span><\/a> a uma <a href=\"https:\/\/biblioteca.fmcsv.org.br\/biblioteca\/primeira-infancia-no-municipio-educacao-infantil-de-qualidade\/\"><strong><span style=\"text-decoration: underline;\">educa\u00e7\u00e3o infantil de qualidade<\/span><\/strong><\/a> \u00e9 um direito que precisa ser garantido a todas as crian\u00e7as, em especial \u00e0s que vivem em contextos de vulnerabilidade.<\/p>\n\n\n\n<p>A Funda\u00e7\u00e3o Maria Cecilia Souto Vidigal reafirma seu compromisso com a promo\u00e7\u00e3o do desenvolvimento pleno das crian\u00e7as brasileiras e seguir\u00e1 acompanhando de perto a evolu\u00e7\u00e3o desses indicadores para apoiar gestores, educadores e toda a sociedade na constru\u00e7\u00e3o de um pa\u00eds mais justo desde o come\u00e7o da vida.<\/p>","protected":false},"excerpt":{"rendered":"<p>Dados do Censo Escolar 2024 apontam avan\u00e7os e desafios na creche e na pr\u00e9-escola, com destaque para o aumento da presen\u00e7a de crian\u00e7as negras e desigualdades na infraestrutura<\/p>","protected":false},"author":3,"featured_media":0,"parent":0,"template":"","meta":[],"class_list":["post-12494","noticias","type-noticias","status-publish","hentry"],"acf":[],"yoast_head":"<!-- This site is optimized with the Yoast SEO plugin v24.4 - https:\/\/yoast.com\/wordpress\/plugins\/seo\/ -->\n<title>Censo Escolar 2024: avan\u00e7os e desafios na educa\u00e7\u00e3o infantil<\/title>\n<meta name=\"description\" content=\"Veja o que revelam os dados do Censo Escolar 2024 sobre matr\u00edcula, infraestrutura e desigualdades em creches e pr\u00e9-escolas em todo o Brasil\" \/>\n<meta name=\"robots\" content=\"index, follow, max-snippet:-1, max-image-preview:large, max-video-preview:-1\" \/>\n<link rel=\"canonical\" href=\"https:\/\/fundacaomariacecilia.org.br\/en\/noticias\/censo-escolar-2024-o-que-os-novos-dados-revelam-sobre-a-educacao-infantil-no-brasil\/\" \/>\n<meta property=\"og:locale\" content=\"en_US\" \/>\n<meta property=\"og:type\" content=\"article\" \/>\n<meta property=\"og:title\" content=\"Censo Escolar 2024: avan\u00e7os e desafios na educa\u00e7\u00e3o infantil\" \/>\n<meta property=\"og:description\" content=\"Veja o que revelam os dados do Censo Escolar 2024 sobre matr\u00edcula, infraestrutura e desigualdades em creches e pr\u00e9-escolas em todo o Brasil\" \/>\n<meta property=\"og:url\" content=\"https:\/\/fundacaomariacecilia.org.br\/en\/noticias\/censo-escolar-2024-o-que-os-novos-dados-revelam-sobre-a-educacao-infantil-no-brasil\/\" \/>\n<meta property=\"og:site_name\" content=\"Funda\u00e7\u00e3o Maria Cecilia Souto Vidigal\" \/>\n<meta property=\"article:publisher\" content=\"https:\/\/www.facebook.com\/FundacaoMariaCeciliaSoutoVidigal\/\" \/>\n<meta property=\"article:modified_time\" content=\"2025-05-08T18:12:24+00:00\" \/>\n<meta property=\"og:image\" content=\"https:\/\/fundacaomariacecilia.org.br\/wp-content\/uploads\/2025\/05\/educacao-infantil-foto-por-julio-cesar-fmcsv-2024-120-1-1.jpg\" \/>\n\t<meta property=\"og:image:width\" content=\"1024\" \/>\n\t<meta property=\"og:image:height\" content=\"350\" \/>\n\t<meta property=\"og:image:type\" content=\"image\/jpeg\" \/>\n<meta name=\"twitter:card\" content=\"summary_large_image\" \/>\n<meta name=\"twitter:label1\" content=\"Est. reading time\" \/>\n\t<meta name=\"twitter:data1\" content=\"3 minutes\" \/>\n<script type=\"application\/ld+json\" class=\"yoast-schema-graph\">{\"@context\":\"https:\/\/schema.org\",\"@graph\":[{\"@type\":\"WebPage\",\"@id\":\"https:\/\/fundacaomariacecilia.org.br\/noticias\/censo-escolar-2024-o-que-os-novos-dados-revelam-sobre-a-educacao-infantil-no-brasil\/\",\"url\":\"https:\/\/fundacaomariacecilia.org.br\/noticias\/censo-escolar-2024-o-que-os-novos-dados-revelam-sobre-a-educacao-infantil-no-brasil\/\",\"name\":\"Censo Escolar 2024: avan\u00e7os e desafios na educa\u00e7\u00e3o infantil\",\"isPartOf\":{\"@id\":\"https:\/\/fmcsv.sandbox.dev.br\/#website\"},\"primaryImageOfPage\":{\"@id\":\"https:\/\/fundacaomariacecilia.org.br\/noticias\/censo-escolar-2024-o-que-os-novos-dados-revelam-sobre-a-educacao-infantil-no-brasil\/#primaryimage\"},\"image\":{\"@id\":\"https:\/\/fundacaomariacecilia.org.br\/noticias\/censo-escolar-2024-o-que-os-novos-dados-revelam-sobre-a-educacao-infantil-no-brasil\/#primaryimage\"},\"thumbnailUrl\":\"https:\/\/fundacaomariacecilia.org.br\/wp-content\/uploads\/2025\/05\/educacao-infantil-foto-por-julio-cesar-fmcsv-2024-120-1-1.jpg\",\"datePublished\":\"2025-05-07T19:08:06+00:00\",\"dateModified\":\"2025-05-08T18:12:24+00:00\",\"description\":\"Veja o que revelam os dados do Censo Escolar 2024 sobre matr\u00edcula, infraestrutura e desigualdades em creches e pr\u00e9-escolas em todo o Brasil\",\"breadcrumb\":{\"@id\":\"https:\/\/fundacaomariacecilia.org.br\/noticias\/censo-escolar-2024-o-que-os-novos-dados-revelam-sobre-a-educacao-infantil-no-brasil\/#breadcrumb\"},\"inLanguage\":\"en-US\",\"potentialAction\":[{\"@type\":\"ReadAction\",\"target\":[\"https:\/\/fundacaomariacecilia.org.br\/noticias\/censo-escolar-2024-o-que-os-novos-dados-revelam-sobre-a-educacao-infantil-no-brasil\/\"]}]},{\"@type\":\"ImageObject\",\"inLanguage\":\"en-US\",\"@id\":\"https:\/\/fundacaomariacecilia.org.br\/noticias\/censo-escolar-2024-o-que-os-novos-dados-revelam-sobre-a-educacao-infantil-no-brasil\/#primaryimage\",\"url\":\"https:\/\/fundacaomariacecilia.org.br\/wp-content\/uploads\/2025\/05\/educacao-infantil-foto-por-julio-cesar-fmcsv-2024-120-1-1.jpg\",\"contentUrl\":\"https:\/\/fundacaomariacecilia.org.br\/wp-content\/uploads\/2025\/05\/educacao-infantil-foto-por-julio-cesar-fmcsv-2024-120-1-1.jpg\"},{\"@type\":\"BreadcrumbList\",\"@id\":\"https:\/\/fundacaomariacecilia.org.br\/noticias\/censo-escolar-2024-o-que-os-novos-dados-revelam-sobre-a-educacao-infantil-no-brasil\/#breadcrumb\",\"itemListElement\":[{\"@type\":\"ListItem\",\"position\":1,\"name\":\"In\u00edcio\",\"item\":\"https:\/\/fundacaomariacecilia.org.br\/\"},{\"@type\":\"ListItem\",\"position\":2,\"name\":\"Censo Escolar 2024: o que os novos dados revelam sobre a educa\u00e7\u00e3o infantil no Brasil\"}]},{\"@type\":\"WebSite\",\"@id\":\"https:\/\/fmcsv.sandbox.dev.br\/#website\",\"url\":\"https:\/\/fmcsv.sandbox.dev.br\/\",\"name\":\"Funda\u00e7\u00e3o Maria Cecilia Souto Vidigal\",\"description\":\"Cuidar de cada crian\u00e7a \u00e9 cuidar do pa\u00eds inteiro\",\"publisher\":{\"@id\":\"https:\/\/fmcsv.sandbox.dev.br\/#organization\"},\"potentialAction\":[{\"@type\":\"SearchAction\",\"target\":{\"@type\":\"EntryPoint\",\"urlTemplate\":\"https:\/\/fmcsv.sandbox.dev.br\/?s={search_term_string}\"},\"query-input\":{\"@type\":\"PropertyValueSpecification\",\"valueRequired\":true,\"valueName\":\"search_term_string\"}}],\"inLanguage\":\"en-US\"},{\"@type\":\"Organization\",\"@id\":\"https:\/\/fmcsv.sandbox.dev.br\/#organization\",\"name\":\"Funda\u00e7\u00e3o Maria Cecilia Souto Vidigal\",\"url\":\"https:\/\/fmcsv.sandbox.dev.br\/\",\"logo\":{\"@type\":\"ImageObject\",\"inLanguage\":\"en-US\",\"@id\":\"https:\/\/fmcsv.sandbox.dev.br\/#\/schema\/logo\/image\/\",\"url\":\"https:\/\/fundacaomariacecilia.org.br\/wp-content\/uploads\/2024\/04\/Logo.svg\",\"contentUrl\":\"https:\/\/fundacaomariacecilia.org.br\/wp-content\/uploads\/2024\/04\/Logo.svg\",\"caption\":\"Funda\u00e7\u00e3o Maria Cecilia Souto Vidigal\"},\"image\":{\"@id\":\"https:\/\/fmcsv.sandbox.dev.br\/#\/schema\/logo\/image\/\"},\"sameAs\":[\"https:\/\/www.facebook.com\/FundacaoMariaCeciliaSoutoVidigal\/\",\"https:\/\/www.linkedin.com\/company\/fmcsv\/\",\"https:\/\/www.instagram.com\/fundacaomariacecilia\/\"]}]}<\/script>\n<!-- \/ Yoast SEO plugin. -->","yoast_head_json":{"title":"Censo Escolar 2024: avan\u00e7os e desafios na educa\u00e7\u00e3o infantil","description":"Veja o que revelam os dados do Censo Escolar 2024 sobre matr\u00edcula, infraestrutura e desigualdades em creches e pr\u00e9-escolas em todo o Brasil","robots":{"index":"index","follow":"follow","max-snippet":"max-snippet:-1","max-image-preview":"max-image-preview:large","max-video-preview":"max-video-preview:-1"},"canonical":"https:\/\/fundacaomariacecilia.org.br\/en\/noticias\/censo-escolar-2024-o-que-os-novos-dados-revelam-sobre-a-educacao-infantil-no-brasil\/","og_locale":"en_US","og_type":"article","og_title":"Censo Escolar 2024: avan\u00e7os e desafios na educa\u00e7\u00e3o infantil","og_description":"Veja o que revelam os dados do Censo Escolar 2024 sobre matr\u00edcula, infraestrutura e desigualdades em creches e pr\u00e9-escolas em todo o Brasil","og_url":"https:\/\/fundacaomariacecilia.org.br\/en\/noticias\/censo-escolar-2024-o-que-os-novos-dados-revelam-sobre-a-educacao-infantil-no-brasil\/","og_site_name":"Funda\u00e7\u00e3o Maria Cecilia Souto Vidigal","article_publisher":"https:\/\/www.facebook.com\/FundacaoMariaCeciliaSoutoVidigal\/","article_modified_time":"2025-05-08T18:12:24+00:00","og_image":[{"width":1024,"height":350,"url":"https:\/\/fundacaomariacecilia.org.br\/wp-content\/uploads\/2025\/05\/educacao-infantil-foto-por-julio-cesar-fmcsv-2024-120-1-1.jpg","type":"image\/jpeg"}],"twitter_card":"summary_large_image","twitter_misc":{"Est. reading time":"3 minutes"},"schema":{"@context":"https:\/\/schema.org","@graph":[{"@type":"WebPage","@id":"https:\/\/fundacaomariacecilia.org.br\/noticias\/censo-escolar-2024-o-que-os-novos-dados-revelam-sobre-a-educacao-infantil-no-brasil\/","url":"https:\/\/fundacaomariacecilia.org.br\/noticias\/censo-escolar-2024-o-que-os-novos-dados-revelam-sobre-a-educacao-infantil-no-brasil\/","name":"Censo Escolar 2024: avan\u00e7os e desafios na educa\u00e7\u00e3o infantil","isPartOf":{"@id":"https:\/\/fmcsv.sandbox.dev.br\/#website"},"primaryImageOfPage":{"@id":"https:\/\/fundacaomariacecilia.org.br\/noticias\/censo-escolar-2024-o-que-os-novos-dados-revelam-sobre-a-educacao-infantil-no-brasil\/#primaryimage"},"image":{"@id":"https:\/\/fundacaomariacecilia.org.br\/noticias\/censo-escolar-2024-o-que-os-novos-dados-revelam-sobre-a-educacao-infantil-no-brasil\/#primaryimage"},"thumbnailUrl":"https:\/\/fundacaomariacecilia.org.br\/wp-content\/uploads\/2025\/05\/educacao-infantil-foto-por-julio-cesar-fmcsv-2024-120-1-1.jpg","datePublished":"2025-05-07T19:08:06+00:00","dateModified":"2025-05-08T18:12:24+00:00","description":"Veja o que revelam os dados do Censo Escolar 2024 sobre matr\u00edcula, infraestrutura e desigualdades em creches e pr\u00e9-escolas em todo o Brasil","breadcrumb":{"@id":"https:\/\/fundacaomariacecilia.org.br\/noticias\/censo-escolar-2024-o-que-os-novos-dados-revelam-sobre-a-educacao-infantil-no-brasil\/#breadcrumb"},"inLanguage":"en-US","potentialAction":[{"@type":"ReadAction","target":["https:\/\/fundacaomariacecilia.org.br\/noticias\/censo-escolar-2024-o-que-os-novos-dados-revelam-sobre-a-educacao-infantil-no-brasil\/"]}]},{"@type":"ImageObject","inLanguage":"en-US","@id":"https:\/\/fundacaomariacecilia.org.br\/noticias\/censo-escolar-2024-o-que-os-novos-dados-revelam-sobre-a-educacao-infantil-no-brasil\/#primaryimage","url":"https:\/\/fundacaomariacecilia.org.br\/wp-content\/uploads\/2025\/05\/educacao-infantil-foto-por-julio-cesar-fmcsv-2024-120-1-1.jpg","contentUrl":"https:\/\/fundacaomariacecilia.org.br\/wp-content\/uploads\/2025\/05\/educacao-infantil-foto-por-julio-cesar-fmcsv-2024-120-1-1.jpg"},{"@type":"BreadcrumbList","@id":"https:\/\/fundacaomariacecilia.org.br\/noticias\/censo-escolar-2024-o-que-os-novos-dados-revelam-sobre-a-educacao-infantil-no-brasil\/#breadcrumb","itemListElement":[{"@type":"ListItem","position":1,"name":"In\u00edcio","item":"https:\/\/fundacaomariacecilia.org.br\/"},{"@type":"ListItem","position":2,"name":"Censo Escolar 2024: o que os novos dados revelam sobre a educa\u00e7\u00e3o infantil no Brasil"}]},{"@type":"WebSite","@id":"https:\/\/fmcsv.sandbox.dev.br\/#website","url":"https:\/\/fmcsv.sandbox.dev.br\/","name":"Funda\u00e7\u00e3o Maria Cecilia Souto Vidigal","description":"Caring for every child is caring for the whole country","publisher":{"@id":"https:\/\/fmcsv.sandbox.dev.br\/#organization"},"potentialAction":[{"@type":"SearchAction","target":{"@type":"EntryPoint","urlTemplate":"https:\/\/fmcsv.sandbox.dev.br\/?s={search_term_string}"},"query-input":{"@type":"PropertyValueSpecification","valueRequired":true,"valueName":"search_term_string"}}],"inLanguage":"en-US"},{"@type":"Organization","@id":"https:\/\/fmcsv.sandbox.dev.br\/#organization","name":"Funda\u00e7\u00e3o Maria Cecilia Souto Vidigal","url":"https:\/\/fmcsv.sandbox.dev.br\/","logo":{"@type":"ImageObject","inLanguage":"en-US","@id":"https:\/\/fmcsv.sandbox.dev.br\/#\/schema\/logo\/image\/","url":"https:\/\/fundacaomariacecilia.org.br\/wp-content\/uploads\/2024\/04\/Logo.svg","contentUrl":"https:\/\/fundacaomariacecilia.org.br\/wp-content\/uploads\/2024\/04\/Logo.svg","caption":"Funda\u00e7\u00e3o Maria Cecilia Souto Vidigal"},"image":{"@id":"https:\/\/fmcsv.sandbox.dev.br\/#\/schema\/logo\/image\/"},"sameAs":["https:\/\/www.facebook.com\/FundacaoMariaCeciliaSoutoVidigal\/","https:\/\/www.linkedin.com\/company\/fmcsv\/","https:\/\/www.instagram.com\/fundacaomariacecilia\/"]}]}},"_links":{"self":[{"href":"https:\/\/fundacaomariacecilia.org.br\/en\/wp-json\/wp\/v2\/noticias\/12494"}],"collection":[{"href":"https:\/\/fundacaomariacecilia.org.br\/en\/wp-json\/wp\/v2\/noticias"}],"about":[{"href":"https:\/\/fundacaomariacecilia.org.br\/en\/wp-json\/wp\/v2\/types\/noticias"}],"author":[{"embeddable":true,"href":"https:\/\/fundacaomariacecilia.org.br\/en\/wp-json\/wp\/v2\/users\/3"}],"wp:attachment":[{"href":"https:\/\/fundacaomariacecilia.org.br\/en\/wp-json\/wp\/v2\/media?parent=12494"}],"curies":[{"name":"wp","href":"https:\/\/api.w.org\/{rel}","templated":true}]}}