{"id":12988,"date":"2025-07-17T19:25:48","date_gmt":"2025-07-17T22:25:48","guid":{"rendered":"https:\/\/fundacaomariacecilia.org.br\/?post_type=noticias&#038;p=12988"},"modified":"2025-07-17T19:29:36","modified_gmt":"2025-07-17T22:29:36","slug":"premiacao-destaca-boas-praticas-do-sus-que-fortalecem-a-saude-e-a-primeira-infancia-no-brasil","status":"publish","type":"noticias","link":"https:\/\/fundacaomariacecilia.org.br\/en\/noticias\/premiacao-destaca-boas-praticas-do-sus-que-fortalecem-a-saude-e-a-primeira-infancia-no-brasil\/","title":{"rendered":"Premia\u00e7\u00e3o destaca boas pr\u00e1ticas do SUS que fortalecem a sa\u00fade e a primeira inf\u00e2ncia no Brasil"},"content":{"rendered":"<figure class=\"wp-block-image size-large\"><img loading=\"lazy\" decoding=\"async\" width=\"1024\" height=\"312\" src=\"https:\/\/fundacaomariacecilia.org.br\/wp-content\/uploads\/2025\/07\/img_fundacao-1024x312.png\" alt=\"Trof\u00e9us do pr\u00eamio \u201cSa\u00fade e Primeira Inf\u00e2ncia: Aten\u00e7\u00e3o e Cuidado \u00e0s Gestantes e Crian\u00e7as na Primeira Inf\u00e2ncia\u201d\" class=\"wp-image-12989\" srcset=\"https:\/\/fundacaomariacecilia.org.br\/wp-content\/uploads\/2025\/07\/img_fundacao-1024x312.png 1024w, https:\/\/fundacaomariacecilia.org.br\/wp-content\/uploads\/2025\/07\/img_fundacao-300x91.png 300w, https:\/\/fundacaomariacecilia.org.br\/wp-content\/uploads\/2025\/07\/img_fundacao-768x234.png 768w, https:\/\/fundacaomariacecilia.org.br\/wp-content\/uploads\/2025\/07\/img_fundacao-18x5.png 18w, https:\/\/fundacaomariacecilia.org.br\/wp-content\/uploads\/2025\/07\/img_fundacao.png 1150w\" sizes=\"(max-width: 1024px) 100vw, 1024px\" \/><figcaption class=\"wp-element-caption\">Trof\u00e9us do pr\u00eamio \u201cSa\u00fade e Primeira Inf\u00e2ncia: Aten\u00e7\u00e3o e Cuidado \u00e0s Gestantes e Crian\u00e7as na Primeira Inf\u00e2ncia\u201d<\/figcaption><\/figure>\n\n\n\n<p>A Funda\u00e7\u00e3o Maria Cecilia Souto Vidigal acredita que cada crian\u00e7a deve ter a oportunidade de alcan\u00e7ar todo o seu potencial. Por isso, desde 2007 se dedica a tornar a primeira inf\u00e2ncia uma prioridade no Brasil. N\u00e3o amanh\u00e3, mas agora. <\/p>\n\n\n\n<p>Refor\u00e7ando esta miss\u00e3o, a Funda\u00e7\u00e3o foi parceira da 20\u00aa Mostra \u201cBrasil: Aqui tem SUS\u201d, que reconheceu as melhores pr\u00e1ticas do Sistema \u00danico de Sa\u00fade (SUS), voltadas \u00e0 sa\u00fade e ao desenvolvimento infantil.<\/p>\n\n\n\n<p>A premia\u00e7\u00e3o &#8220;Sa\u00fade e Primeira Inf\u00e2ncia: Aten\u00e7\u00e3o e Cuidado \u00e0s Gestantes e Crian\u00e7as na Primeira Inf\u00e2ncia\u201d aconteceu no 38\u00ba Congresso do Conasems \u2013 Conselho Nacional de Secretarias Municipais de Sa\u00fade, maior evento de sa\u00fade p\u00fablica do mundo, com mais de 15 mil pessoas entre os dias 15 e 18 de junho, em Belo Horizonte. <\/p>\n\n\n\n<p>Gestores municipais, profissionais do SUS e representantes de diversas regi\u00f5es do Brasil estiveram juntos para refletir sobre caminhos de fortalecimento para a sa\u00fade p\u00fablica no pa\u00eds.\u00a0<\/p>\n\n\n\n<p>\u201c\u00c9 um grande orgulho estar ao lado do Conasems em uma parceria que fortalece a\u00e7\u00f5es voltadas \u00e0 primeira inf\u00e2ncia e reafirma o compromisso com uma sa\u00fade mais equitativa para todas as crian\u00e7as e seus cuidadores\u201d, afirmou Karina Fasson, gerente de Pol\u00edticas P\u00fablicas da Funda\u00e7\u00e3o.<\/p>\n\n\n\n<h2 class=\"wp-block-heading\">Experi\u00eancias do SUS que protegem a primeira inf\u00e2ncia<\/h2>\n\n\n\n<p>Tr\u00eas iniciativas foram premiadas, respeitando culturas, territ\u00f3rios e necessidades locais:<\/p>\n\n\n\n<ul class=\"wp-block-list\">\n<li>1\u00ba lugar \u2013 Fortalecimento da cobertura vacinal: Estrat\u00e9gias e impactos em Jenipapo dos Vieiras<br>(Jenipapo dos Vieiras \u2013 MA)<\/li>\n\n\n\n<li>2\u00ba lugar \u2013 O protagonismo da aten\u00e7\u00e3o b\u00e1sica na linha de cuidado do autismo: Uma experi\u00eancia exitosa em SJD-PI<br>(S\u00e3o Jos\u00e9 do Divino \u2013 PI)<\/li>\n\n\n\n<li>3\u00ba lugar \u2013 Comunica\u00e7\u00e3o que transforma: V\u00eddeo em l\u00edngua Ka\u2019apor para promo\u00e7\u00e3o do aleitamento materno<br>(Z\u00e9 Doca \u2013 MA)<br><br><\/li>\n<\/ul>\n\n\n\n<figure class=\"wp-block-image size-large\"><img loading=\"lazy\" decoding=\"async\" width=\"1024\" height=\"312\" src=\"https:\/\/fundacaomariacecilia.org.br\/wp-content\/uploads\/2025\/07\/vencedores-1024x312.png\" alt=\"Vencedores do pr\u00eamio que reconheceu as melhores pr\u00e1ticas do SUS\" class=\"wp-image-12990\" srcset=\"https:\/\/fundacaomariacecilia.org.br\/wp-content\/uploads\/2025\/07\/vencedores-1024x312.png 1024w, https:\/\/fundacaomariacecilia.org.br\/wp-content\/uploads\/2025\/07\/vencedores-300x91.png 300w, https:\/\/fundacaomariacecilia.org.br\/wp-content\/uploads\/2025\/07\/vencedores-768x234.png 768w, https:\/\/fundacaomariacecilia.org.br\/wp-content\/uploads\/2025\/07\/vencedores-18x5.png 18w, https:\/\/fundacaomariacecilia.org.br\/wp-content\/uploads\/2025\/07\/vencedores.png 1150w\" sizes=\"(max-width: 1024px) 100vw, 1024px\" \/><figcaption class=\"wp-element-caption\">Pr\u00eamio \u201cSa\u00fade e Primeira Inf\u00e2ncia: Aten\u00e7\u00e3o e Cuidado \u00e0s Gestantes e Crian\u00e7as na Primeira Inf\u00e2ncia\u201d reconheceu as melhores pr\u00e1ticas do SUS<\/figcaption><\/figure>\n\n\n\n<p>A comiss\u00e3o julgadora, composta por membros da Funda\u00e7\u00e3o e pela especialista Maritsa Carla de Bortoli, avaliou crit\u00e9rios como: conex\u00e3o com a causa da primeira inf\u00e2ncia, originalidade, potencial de inspirar outros territ\u00f3rios, sustentabilidade, articula\u00e7\u00e3o com \u00e1reas como assist\u00eancia social e educa\u00e7\u00e3o, alcance a p\u00fablicos vulner\u00e1veis, promo\u00e7\u00e3o da diversidade, acompanhamento de resultados e evid\u00eancias concretas do impacto positivo.<\/p>\n\n\n\n<h2 class=\"wp-block-heading\">Sa\u00fade p\u00fablica e primeira inf\u00e2ncia: cuidados desde o in\u00edcio da vida<\/h2>\n\n\n\n<p>Para a Funda\u00e7\u00e3o, n\u00e3o se trata apenas de premiar, mas tamb\u00e9m de fortalecer uma rede de aprendizado que possa impactar ainda mais vidas. As experi\u00eancias vencedoras receberam trof\u00e9u, certificado e um interc\u00e2mbio, onde ir\u00e3o conhecer os outros projetos. O 1\u00ba lugar tamb\u00e9m ter\u00e1 acesso a uma mentoria especializada em sa\u00fade na primeira inf\u00e2ncia. A Funda\u00e7\u00e3o acompanhar\u00e1 essas visitas, incentivando trocas e produzindo um relat\u00f3rio final com aprendizados e percep\u00e7\u00f5es.<\/p>\n\n\n\n<p>\u201cReconhecer e divulgar essas pr\u00e1ticas torna as equipes do SUS ainda mais promotoras do desenvolvimento infantil, de modo a combater desigualdades desde o in\u00edcio da vida\u201d, afirma Marina Fragata Chicaro, diretora de Pol\u00edticas P\u00fablicas da Funda\u00e7\u00e3o.<\/p>\n\n\n\n<p>A parceria com o Conasems busca ampliar o impacto positivo das a\u00e7\u00f5es voltadas \u00e0 sa\u00fade das crian\u00e7as e de seus cuidadores em todo o Brasil. Juntas, as institui\u00e7\u00f5es refor\u00e7am o compromisso com uma sa\u00fade p\u00fablica mais justa, que coloque as m\u00faltiplas inf\u00e2ncias brasileiras como prioridade das a\u00e7\u00f5es.&nbsp;<\/p>\n\n\n\n<h2 class=\"wp-block-heading\">Por que isso importa?<\/h2>\n\n\n\n<p>O acesso a servi\u00e7os de sa\u00fade de qualidade \u00e9 um direito de toda crian\u00e7a e uma condi\u00e7\u00e3o indispens\u00e1vel para seu desenvolvimento integral. Garantir esse cuidado desde os primeiros dias de vida \u00e9 dever do Estado e um compromisso da sociedade.<\/p>\n\n\n\n<p>Na Funda\u00e7\u00e3o,\u00a0<a href=\"https:\/\/fundacaomariacecilia.org.br\/en\/o-que-fazemos\/\"><span style=\"text-decoration: underline;\">trabalhamos para fortalecer pol\u00edticas p\u00fablicas e mobilizar apoio em em torno da primeira inf\u00e2ncia<\/span><\/a> para equidade e amplia\u00e7\u00e3o do acesso aos direitos fundamentais.<\/p>","protected":false},"excerpt":{"rendered":"<p>Pr\u00eamio apoiado pela Funda\u00e7\u00e3o Maria Cecilia Souto Vidigal reconheceu cuidados com a sa\u00fade de gestantes e crian\u00e7as na primeira inf\u00e2ncia<\/p>","protected":false},"author":3,"featured_media":0,"parent":0,"template":"","meta":[],"class_list":["post-12988","noticias","type-noticias","status-publish","hentry"],"acf":[],"yoast_head":"<!-- This site is optimized with the Yoast SEO plugin v24.4 - https:\/\/yoast.com\/wordpress\/plugins\/seo\/ -->\n<title>Sa\u00fade p\u00fablica e primeira inf\u00e2ncia: exemplos que inspiram o pa\u00eds<\/title>\n<meta name=\"description\" content=\"Pr\u00eamio destaca boas pr\u00e1ticas do SUS que fortalecem a sa\u00fade de gestantes e crian\u00e7as na primeira inf\u00e2ncia no Brasil\" \/>\n<meta name=\"robots\" content=\"index, follow, max-snippet:-1, max-image-preview:large, max-video-preview:-1\" \/>\n<link rel=\"canonical\" href=\"https:\/\/fundacaomariacecilia.org.br\/en\/noticias\/premiacao-destaca-boas-praticas-do-sus-que-fortalecem-a-saude-e-a-primeira-infancia-no-brasil\/\" \/>\n<meta property=\"og:locale\" content=\"en_US\" \/>\n<meta property=\"og:type\" content=\"article\" \/>\n<meta property=\"og:title\" content=\"Sa\u00fade p\u00fablica e primeira inf\u00e2ncia: exemplos que inspiram o pa\u00eds\" \/>\n<meta property=\"og:description\" content=\"Pr\u00eamio destaca boas pr\u00e1ticas do SUS que fortalecem a sa\u00fade de gestantes e crian\u00e7as na primeira inf\u00e2ncia no Brasil\" \/>\n<meta property=\"og:url\" content=\"https:\/\/fundacaomariacecilia.org.br\/en\/noticias\/premiacao-destaca-boas-praticas-do-sus-que-fortalecem-a-saude-e-a-primeira-infancia-no-brasil\/\" \/>\n<meta property=\"og:site_name\" content=\"Funda\u00e7\u00e3o Maria Cecilia Souto Vidigal\" \/>\n<meta property=\"article:publisher\" content=\"https:\/\/www.facebook.com\/FundacaoMariaCeciliaSoutoVidigal\/\" \/>\n<meta property=\"article:modified_time\" content=\"2025-07-17T22:29:36+00:00\" \/>\n<meta property=\"og:image\" content=\"https:\/\/fundacaomariacecilia.org.br\/wp-content\/uploads\/2025\/07\/img_fundacao.png\" \/>\n\t<meta property=\"og:image:width\" content=\"1150\" \/>\n\t<meta property=\"og:image:height\" content=\"350\" \/>\n\t<meta property=\"og:image:type\" content=\"image\/png\" \/>\n<meta name=\"twitter:card\" content=\"summary_large_image\" \/>\n<meta name=\"twitter:label1\" content=\"Est. reading time\" \/>\n\t<meta name=\"twitter:data1\" content=\"4 minutes\" \/>\n<script type=\"application\/ld+json\" class=\"yoast-schema-graph\">{\"@context\":\"https:\/\/schema.org\",\"@graph\":[{\"@type\":\"WebPage\",\"@id\":\"https:\/\/fundacaomariacecilia.org.br\/noticias\/premiacao-destaca-boas-praticas-do-sus-que-fortalecem-a-saude-e-a-primeira-infancia-no-brasil\/\",\"url\":\"https:\/\/fundacaomariacecilia.org.br\/noticias\/premiacao-destaca-boas-praticas-do-sus-que-fortalecem-a-saude-e-a-primeira-infancia-no-brasil\/\",\"name\":\"Sa\u00fade p\u00fablica e primeira inf\u00e2ncia: exemplos que inspiram o pa\u00eds\",\"isPartOf\":{\"@id\":\"https:\/\/fmcsv.sandbox.dev.br\/#website\"},\"primaryImageOfPage\":{\"@id\":\"https:\/\/fundacaomariacecilia.org.br\/noticias\/premiacao-destaca-boas-praticas-do-sus-que-fortalecem-a-saude-e-a-primeira-infancia-no-brasil\/#primaryimage\"},\"image\":{\"@id\":\"https:\/\/fundacaomariacecilia.org.br\/noticias\/premiacao-destaca-boas-praticas-do-sus-que-fortalecem-a-saude-e-a-primeira-infancia-no-brasil\/#primaryimage\"},\"thumbnailUrl\":\"https:\/\/fundacaomariacecilia.org.br\/wp-content\/uploads\/2025\/07\/img_fundacao-1024x312.png\",\"datePublished\":\"2025-07-17T22:25:48+00:00\",\"dateModified\":\"2025-07-17T22:29:36+00:00\",\"description\":\"Pr\u00eamio destaca boas pr\u00e1ticas do SUS que fortalecem a sa\u00fade de gestantes e crian\u00e7as na primeira inf\u00e2ncia no Brasil\",\"breadcrumb\":{\"@id\":\"https:\/\/fundacaomariacecilia.org.br\/noticias\/premiacao-destaca-boas-praticas-do-sus-que-fortalecem-a-saude-e-a-primeira-infancia-no-brasil\/#breadcrumb\"},\"inLanguage\":\"en-US\",\"potentialAction\":[{\"@type\":\"ReadAction\",\"target\":[\"https:\/\/fundacaomariacecilia.org.br\/noticias\/premiacao-destaca-boas-praticas-do-sus-que-fortalecem-a-saude-e-a-primeira-infancia-no-brasil\/\"]}]},{\"@type\":\"ImageObject\",\"inLanguage\":\"en-US\",\"@id\":\"https:\/\/fundacaomariacecilia.org.br\/noticias\/premiacao-destaca-boas-praticas-do-sus-que-fortalecem-a-saude-e-a-primeira-infancia-no-brasil\/#primaryimage\",\"url\":\"https:\/\/fundacaomariacecilia.org.br\/wp-content\/uploads\/2025\/07\/img_fundacao-1024x312.png\",\"contentUrl\":\"https:\/\/fundacaomariacecilia.org.br\/wp-content\/uploads\/2025\/07\/img_fundacao-1024x312.png\"},{\"@type\":\"BreadcrumbList\",\"@id\":\"https:\/\/fundacaomariacecilia.org.br\/noticias\/premiacao-destaca-boas-praticas-do-sus-que-fortalecem-a-saude-e-a-primeira-infancia-no-brasil\/#breadcrumb\",\"itemListElement\":[{\"@type\":\"ListItem\",\"position\":1,\"name\":\"In\u00edcio\",\"item\":\"https:\/\/fundacaomariacecilia.org.br\/\"},{\"@type\":\"ListItem\",\"position\":2,\"name\":\"Premia\u00e7\u00e3o destaca boas pr\u00e1ticas do SUS que fortalecem a sa\u00fade e a primeira inf\u00e2ncia no Brasil\"}]},{\"@type\":\"WebSite\",\"@id\":\"https:\/\/fmcsv.sandbox.dev.br\/#website\",\"url\":\"https:\/\/fmcsv.sandbox.dev.br\/\",\"name\":\"Funda\u00e7\u00e3o Maria Cecilia Souto Vidigal\",\"description\":\"Cuidar de cada crian\u00e7a \u00e9 cuidar do pa\u00eds inteiro\",\"publisher\":{\"@id\":\"https:\/\/fmcsv.sandbox.dev.br\/#organization\"},\"potentialAction\":[{\"@type\":\"SearchAction\",\"target\":{\"@type\":\"EntryPoint\",\"urlTemplate\":\"https:\/\/fmcsv.sandbox.dev.br\/?s={search_term_string}\"},\"query-input\":{\"@type\":\"PropertyValueSpecification\",\"valueRequired\":true,\"valueName\":\"search_term_string\"}}],\"inLanguage\":\"en-US\"},{\"@type\":\"Organization\",\"@id\":\"https:\/\/fmcsv.sandbox.dev.br\/#organization\",\"name\":\"Funda\u00e7\u00e3o Maria Cecilia Souto Vidigal\",\"url\":\"https:\/\/fmcsv.sandbox.dev.br\/\",\"logo\":{\"@type\":\"ImageObject\",\"inLanguage\":\"en-US\",\"@id\":\"https:\/\/fmcsv.sandbox.dev.br\/#\/schema\/logo\/image\/\",\"url\":\"https:\/\/fundacaomariacecilia.org.br\/wp-content\/uploads\/2024\/04\/Logo.svg\",\"contentUrl\":\"https:\/\/fundacaomariacecilia.org.br\/wp-content\/uploads\/2024\/04\/Logo.svg\",\"caption\":\"Funda\u00e7\u00e3o Maria Cecilia Souto Vidigal\"},\"image\":{\"@id\":\"https:\/\/fmcsv.sandbox.dev.br\/#\/schema\/logo\/image\/\"},\"sameAs\":[\"https:\/\/www.facebook.com\/FundacaoMariaCeciliaSoutoVidigal\/\",\"https:\/\/www.linkedin.com\/company\/fmcsv\/\",\"https:\/\/www.instagram.com\/fundacaomariacecilia\/\"]}]}<\/script>\n<!-- \/ Yoast SEO plugin. -->","yoast_head_json":{"title":"Sa\u00fade p\u00fablica e primeira inf\u00e2ncia: exemplos que inspiram o pa\u00eds","description":"Pr\u00eamio destaca boas pr\u00e1ticas do SUS que fortalecem a sa\u00fade de gestantes e crian\u00e7as na primeira inf\u00e2ncia no Brasil","robots":{"index":"index","follow":"follow","max-snippet":"max-snippet:-1","max-image-preview":"max-image-preview:large","max-video-preview":"max-video-preview:-1"},"canonical":"https:\/\/fundacaomariacecilia.org.br\/en\/noticias\/premiacao-destaca-boas-praticas-do-sus-que-fortalecem-a-saude-e-a-primeira-infancia-no-brasil\/","og_locale":"en_US","og_type":"article","og_title":"Sa\u00fade p\u00fablica e primeira inf\u00e2ncia: exemplos que inspiram o pa\u00eds","og_description":"Pr\u00eamio destaca boas pr\u00e1ticas do SUS que fortalecem a sa\u00fade de gestantes e crian\u00e7as na primeira inf\u00e2ncia no Brasil","og_url":"https:\/\/fundacaomariacecilia.org.br\/en\/noticias\/premiacao-destaca-boas-praticas-do-sus-que-fortalecem-a-saude-e-a-primeira-infancia-no-brasil\/","og_site_name":"Funda\u00e7\u00e3o Maria Cecilia Souto Vidigal","article_publisher":"https:\/\/www.facebook.com\/FundacaoMariaCeciliaSoutoVidigal\/","article_modified_time":"2025-07-17T22:29:36+00:00","og_image":[{"width":1150,"height":350,"url":"https:\/\/fundacaomariacecilia.org.br\/wp-content\/uploads\/2025\/07\/img_fundacao.png","type":"image\/png"}],"twitter_card":"summary_large_image","twitter_misc":{"Est. reading time":"4 minutes"},"schema":{"@context":"https:\/\/schema.org","@graph":[{"@type":"WebPage","@id":"https:\/\/fundacaomariacecilia.org.br\/noticias\/premiacao-destaca-boas-praticas-do-sus-que-fortalecem-a-saude-e-a-primeira-infancia-no-brasil\/","url":"https:\/\/fundacaomariacecilia.org.br\/noticias\/premiacao-destaca-boas-praticas-do-sus-que-fortalecem-a-saude-e-a-primeira-infancia-no-brasil\/","name":"Sa\u00fade p\u00fablica e primeira inf\u00e2ncia: exemplos que inspiram o pa\u00eds","isPartOf":{"@id":"https:\/\/fmcsv.sandbox.dev.br\/#website"},"primaryImageOfPage":{"@id":"https:\/\/fundacaomariacecilia.org.br\/noticias\/premiacao-destaca-boas-praticas-do-sus-que-fortalecem-a-saude-e-a-primeira-infancia-no-brasil\/#primaryimage"},"image":{"@id":"https:\/\/fundacaomariacecilia.org.br\/noticias\/premiacao-destaca-boas-praticas-do-sus-que-fortalecem-a-saude-e-a-primeira-infancia-no-brasil\/#primaryimage"},"thumbnailUrl":"https:\/\/fundacaomariacecilia.org.br\/wp-content\/uploads\/2025\/07\/img_fundacao-1024x312.png","datePublished":"2025-07-17T22:25:48+00:00","dateModified":"2025-07-17T22:29:36+00:00","description":"Pr\u00eamio destaca boas pr\u00e1ticas do SUS que fortalecem a sa\u00fade de gestantes e crian\u00e7as na primeira inf\u00e2ncia no Brasil","breadcrumb":{"@id":"https:\/\/fundacaomariacecilia.org.br\/noticias\/premiacao-destaca-boas-praticas-do-sus-que-fortalecem-a-saude-e-a-primeira-infancia-no-brasil\/#breadcrumb"},"inLanguage":"en-US","potentialAction":[{"@type":"ReadAction","target":["https:\/\/fundacaomariacecilia.org.br\/noticias\/premiacao-destaca-boas-praticas-do-sus-que-fortalecem-a-saude-e-a-primeira-infancia-no-brasil\/"]}]},{"@type":"ImageObject","inLanguage":"en-US","@id":"https:\/\/fundacaomariacecilia.org.br\/noticias\/premiacao-destaca-boas-praticas-do-sus-que-fortalecem-a-saude-e-a-primeira-infancia-no-brasil\/#primaryimage","url":"https:\/\/fundacaomariacecilia.org.br\/wp-content\/uploads\/2025\/07\/img_fundacao-1024x312.png","contentUrl":"https:\/\/fundacaomariacecilia.org.br\/wp-content\/uploads\/2025\/07\/img_fundacao-1024x312.png"},{"@type":"BreadcrumbList","@id":"https:\/\/fundacaomariacecilia.org.br\/noticias\/premiacao-destaca-boas-praticas-do-sus-que-fortalecem-a-saude-e-a-primeira-infancia-no-brasil\/#breadcrumb","itemListElement":[{"@type":"ListItem","position":1,"name":"In\u00edcio","item":"https:\/\/fundacaomariacecilia.org.br\/"},{"@type":"ListItem","position":2,"name":"Premia\u00e7\u00e3o destaca boas pr\u00e1ticas do SUS que fortalecem a sa\u00fade e a primeira inf\u00e2ncia no Brasil"}]},{"@type":"WebSite","@id":"https:\/\/fmcsv.sandbox.dev.br\/#website","url":"https:\/\/fmcsv.sandbox.dev.br\/","name":"Funda\u00e7\u00e3o Maria Cecilia Souto Vidigal","description":"Caring for every child is caring for the whole country","publisher":{"@id":"https:\/\/fmcsv.sandbox.dev.br\/#organization"},"potentialAction":[{"@type":"SearchAction","target":{"@type":"EntryPoint","urlTemplate":"https:\/\/fmcsv.sandbox.dev.br\/?s={search_term_string}"},"query-input":{"@type":"PropertyValueSpecification","valueRequired":true,"valueName":"search_term_string"}}],"inLanguage":"en-US"},{"@type":"Organization","@id":"https:\/\/fmcsv.sandbox.dev.br\/#organization","name":"Funda\u00e7\u00e3o Maria Cecilia Souto Vidigal","url":"https:\/\/fmcsv.sandbox.dev.br\/","logo":{"@type":"ImageObject","inLanguage":"en-US","@id":"https:\/\/fmcsv.sandbox.dev.br\/#\/schema\/logo\/image\/","url":"https:\/\/fundacaomariacecilia.org.br\/wp-content\/uploads\/2024\/04\/Logo.svg","contentUrl":"https:\/\/fundacaomariacecilia.org.br\/wp-content\/uploads\/2024\/04\/Logo.svg","caption":"Funda\u00e7\u00e3o Maria Cecilia Souto Vidigal"},"image":{"@id":"https:\/\/fmcsv.sandbox.dev.br\/#\/schema\/logo\/image\/"},"sameAs":["https:\/\/www.facebook.com\/FundacaoMariaCeciliaSoutoVidigal\/","https:\/\/www.linkedin.com\/company\/fmcsv\/","https:\/\/www.instagram.com\/fundacaomariacecilia\/"]}]}},"_links":{"self":[{"href":"https:\/\/fundacaomariacecilia.org.br\/en\/wp-json\/wp\/v2\/noticias\/12988"}],"collection":[{"href":"https:\/\/fundacaomariacecilia.org.br\/en\/wp-json\/wp\/v2\/noticias"}],"about":[{"href":"https:\/\/fundacaomariacecilia.org.br\/en\/wp-json\/wp\/v2\/types\/noticias"}],"author":[{"embeddable":true,"href":"https:\/\/fundacaomariacecilia.org.br\/en\/wp-json\/wp\/v2\/users\/3"}],"wp:attachment":[{"href":"https:\/\/fundacaomariacecilia.org.br\/en\/wp-json\/wp\/v2\/media?parent=12988"}],"curies":[{"name":"wp","href":"https:\/\/api.w.org\/{rel}","templated":true}]}}