{"id":13168,"date":"2025-08-26T16:10:35","date_gmt":"2025-08-26T19:10:35","guid":{"rendered":"https:\/\/fundacaomariacecilia.org.br\/?post_type=noticias&#038;p=13168"},"modified":"2026-01-29T11:55:25","modified_gmt":"2026-01-29T14:55:25","slug":"o-tempo-passa-o-afeto-fica-nelson-o-nene-ganha-as-ruas-em-campanha-no-mes-da-primeira-infancia","status":"publish","type":"noticias","link":"https:\/\/fundacaomariacecilia.org.br\/en\/noticias\/o-tempo-passa-o-afeto-fica-nelson-o-nene-ganha-as-ruas-em-campanha-no-mes-da-primeira-infancia\/","title":{"rendered":"O tempo passa, o afeto fica: Nelson, o Nen\u00ea ganha as ruas em campanha no M\u00eas da Primeira Inf\u00e2ncia"},"content":{"rendered":"<figure class=\"wp-block-image size-large\"><img loading=\"lazy\" decoding=\"async\" width=\"1024\" height=\"415\" src=\"https:\/\/fundacaomariacecilia.org.br\/wp-content\/uploads\/2025\/08\/nene-nelson-agosto-e1758057972835-1024x415.png\" alt=\"Campanha com o texto em destaque &quot;O tempo passa, o afeto fica - e na primeira inf\u00e2ncia, \u00e9 pra vida toda.&quot; Na lateral direita, Nelson, o nen\u00ea, um personagem 3D negro, com cabelos cacheados e pretos, olhos castanhos e sorriso de gengiva com apenas um dentinho aponta para o texto. Na imagem tamb\u00e9m h\u00e1 os elementos &quot;Apoio de m\u00eddia JCDecaux&quot;, &quot;Nelson o Nen\u00ea&quot;, &quot;Funda\u00e7\u00e3o Maria Cecilia Souto Vidigal&quot; e &quot;Agosto M\u00eas da Primeira Inf\u00e2ncia&quot; na parte superior. Na parte inferior, o texto &quot;A primeira inf\u00e2ncia passa r\u00e1pido, mas os cuidados com a nenezada ficam pra sempre&quot; na esquerda; a direita, um QR code com a inscri\u00e7\u00e3o &quot;Tem mais afeto esperando por voc\u00ea, \u00e9 s\u00f3 escanear!&quot;. O fundo da imagem \u00e9 em tom verde azulado.\" class=\"wp-image-13269\" srcset=\"https:\/\/fundacaomariacecilia.org.br\/wp-content\/uploads\/2025\/08\/nene-nelson-agosto-e1758057972835-1024x415.png 1024w, https:\/\/fundacaomariacecilia.org.br\/wp-content\/uploads\/2025\/08\/nene-nelson-agosto-e1758057972835-300x122.png 300w, https:\/\/fundacaomariacecilia.org.br\/wp-content\/uploads\/2025\/08\/nene-nelson-agosto-e1758057972835-768x311.png 768w, https:\/\/fundacaomariacecilia.org.br\/wp-content\/uploads\/2025\/08\/nene-nelson-agosto-e1758057972835-18x7.png 18w, https:\/\/fundacaomariacecilia.org.br\/wp-content\/uploads\/2025\/08\/nene-nelson-agosto-e1758057972835.png 1361w\" sizes=\"(max-width: 1024px) 100vw, 1024px\" \/><\/figure>\n\n\n\n<p>Para sensibilizar os adultos sobre a import\u00e2ncia do cuidado e do afeto nos primeiros seis anos de vida, o personagem \u201cNelson, o Nen\u00ea\u201d ganhou as ruas do pa\u00eds em <a href=\"https:\/\/fundacaomariacecilia.org.br\/en\/noticias\/mes-da-primeira-infancia-2025\/\" target=\"_blank\" rel=\"noreferrer noopener\"><strong><span style=\"text-decoration: underline;\">agosto, m\u00eas dedicado \u00e0 primeira inf\u00e2ncia<\/span><\/strong><\/a>. Com o tema \u201c<strong>O tempo passa, o afeto fica<\/strong>\u201d, a campanha protagonizada pelo Nen\u00ea se espalhou de Norte a Sul do Brasil em diferentes formatos de m\u00eddia.<\/p>\n\n\n\n<p>\u201cNelson, o Nen\u00ea\u201d apareceu em rel\u00f3gios p\u00fablicos, esta\u00e7\u00f5es de metr\u00f4 e trem, bancas, pontos de \u00f4nibus, mobili\u00e1rios urbanos, al\u00e9m de an\u00fancios em TVs de edif\u00edcios. Dez capitais, al\u00e9m do aeroporto de Bras\u00edlia, exibiram a campanha estrelada pelo personagem.<\/p>\n\n\n\n<figure class=\"wp-block-gallery has-nested-images columns-default is-cropped wp-block-gallery-1 is-layout-flex wp-block-gallery-is-layout-flex\">\n<figure class=\"wp-block-image size-large\"><a href=\"https:\/\/fundacaomariacecilia.org.br\/en\/noticias\/o-tempo-passa-o-afeto-fica-nelson-o-nene-ganha-as-ruas-em-campanha-no-mes-da-primeira-infancia\/midia-00-h-metro-19\/\" target=\"_blank\" rel=\"noopener\"><img loading=\"lazy\" decoding=\"async\" width=\"1024\" height=\"683\" data-id=\"13204\" src=\"https:\/\/fundacaomariacecilia.org.br\/wp-content\/uploads\/2025\/08\/Midia-00-H-metro-19-1024x683.jpg\" alt=\"Nelson, o Nen\u00ea, \u00e9 um personagem 3D de um beb\u00ea de dois anos, negro, cabelos cacheados e sorridente. Ele aparece em um painel horizontal de publicidade digital na esta\u00e7\u00e3o Cl\u00ednicas do metr\u00f4 de S\u00e3o Paulo. H\u00e1 a inscri\u00e7\u00e3o &quot;o tempo passa, o afeto fica&quot; em destaque.\" class=\"wp-image-13204\"\/><\/a><figcaption class=\"wp-element-caption\">Nelson, o Nen\u00ea, em publicidade na esta\u00e7\u00e3o de metr\u00f4 Cl\u00ednicas, Zona Oeste de S\u00e3o Paulo<\/figcaption><\/figure>\n\n\n\n<figure class=\"wp-block-image size-large\"><a href=\"https:\/\/fundacaomariacecilia.org.br\/en\/noticias\/o-tempo-passa-o-afeto-fica-nelson-o-nene-ganha-as-ruas-em-campanha-no-mes-da-primeira-infancia\/2025-08-05-aeroporto-brasilia-2\/\" target=\"_blank\" rel=\"noopener\"><img loading=\"lazy\" decoding=\"async\" width=\"768\" height=\"1024\" data-id=\"13181\" src=\"https:\/\/fundacaomariacecilia.org.br\/wp-content\/uploads\/2025\/08\/2025-08-05-AEROPORTO-BRASILIA-2-768x1024.jpg\" alt=\"Imagem de Nelson, o Nen\u00ea, em uma tela digital. Nelson \u00e9 um personagem negro de dois anos, com cabelos cacheados e em 3D, que sorri e aponta para o texto &quot;O tempo passa, o afeto fica - e na primeira inf\u00e2ncia \u00e9 pra vida toda&quot;.\" class=\"wp-image-13181\" srcset=\"https:\/\/fundacaomariacecilia.org.br\/wp-content\/uploads\/2025\/08\/2025-08-05-AEROPORTO-BRASILIA-2-768x1024.jpg 768w, https:\/\/fundacaomariacecilia.org.br\/wp-content\/uploads\/2025\/08\/2025-08-05-AEROPORTO-BRASILIA-2-225x300.jpg 225w, https:\/\/fundacaomariacecilia.org.br\/wp-content\/uploads\/2025\/08\/2025-08-05-AEROPORTO-BRASILIA-2-9x12.jpg 9w, https:\/\/fundacaomariacecilia.org.br\/wp-content\/uploads\/2025\/08\/2025-08-05-AEROPORTO-BRASILIA-2.jpg 960w\" sizes=\"(max-width: 768px) 100vw, 768px\" \/><\/a><figcaption class=\"wp-element-caption\">Nelson, o Nen\u00ea, no Aeroporto Internacional de Bras\u00edlia (BSB)<\/figcaption><\/figure>\n\n\n\n<figure class=\"wp-block-image size-large\"><a href=\"https:\/\/fundacaomariacecilia.org.br\/en\/noticias\/o-tempo-passa-o-afeto-fica-nelson-o-nene-ganha-as-ruas-em-campanha-no-mes-da-primeira-infancia\/mub-pela-cidade-10\/\" target=\"_blank\" rel=\"noopener\"><img loading=\"lazy\" decoding=\"async\" width=\"1024\" height=\"683\" data-id=\"13206\" src=\"https:\/\/fundacaomariacecilia.org.br\/wp-content\/uploads\/2025\/08\/Mub-pela-cidade-10-1024x683.jpg\" alt=\"Nelson, o Nen\u00ea, em painel vertical de publicidade digital. Nelson \u00e9 um personagem 3D, negro, de dois anos de idade que sorri. Em destaque os dizeres &quot;O tempo passa, o afeto fica&quot;\" class=\"wp-image-13206\"\/><\/a><figcaption class=\"wp-element-caption\">Nelson, o Nen\u00ea, em publicidade na regi\u00e3o da Vila Matilde, Zona Leste de S\u00e3o Paulo<\/figcaption><\/figure>\n<\/figure>\n\n\n\n<p>Al\u00e9m de marcar presen\u00e7a em espa\u00e7os p\u00fablicos, o Nen\u00ea visitou a Cidade de Deus, no munic\u00edpio de Ferraz de Vasconcelos (SP), sensibilizado pela iniciativa <a href=\"https:\/\/fundacaomariacecilia.org.br\/en\/o-que-fazemos\/territorios-do-cuidado\/\" target=\"_blank\" rel=\"noreferrer noopener\"><span style=\"text-decoration: underline;\">&#8220;Territ\u00f3rios do Cuidado&#8221;<\/span><\/a>, para apresentar a mensagem da campanha &#8220;O tempo passa, o afeto fica&#8221; aos l\u00edderes comunit\u00e1rios e \u00e0s fam\u00edlias locais, refor\u00e7ando a import\u00e2ncia do afeto e cuidado na primeira inf\u00e2ncia.<\/p>\n\n\n\n<blockquote class=\"wp-block-quote is-layout-flow wp-block-quote-is-layout-flow\">\n<p>\u201cO cuidado di\u00e1rio, a leitura, a brincadeira e a escuta atenta criam la\u00e7os que atravessam gera\u00e7\u00f5es. O tempo passa, mas \u00e9 o afeto que deixa marcas para a vida toda. E isso, na primeira inf\u00e2ncia, \u00e9 essencial para estimular o desenvolvimento das crian\u00e7as\u201d, comenta Mariana Luz, CEO da Funda\u00e7\u00e3o Maria Cecilia Souto Vidigal.<\/p>\n<\/blockquote>\n\n\n\n<p>Para ampliar a proximidade com a popula\u00e7\u00e3o, a campanha chegou tamb\u00e9m ao est\u00e1dio mais ic\u00f4nico do pa\u00eds: o Maracan\u00e3. No in\u00edcio do m\u00eas, uma faixa foi estendida antes da partida entre Flamengo e Mirassol, pelo Campeonato Brasileiro. No intervalo, o personagem ainda deu seu recado no tel\u00e3o, refor\u00e7ando a import\u00e2ncia dos v\u00ednculos e das brincadeiras na primeira inf\u00e2ncia. Afinal, cada momento junto, em casa ou na arquibancada, \u00e9 chance de criar afeto e mem\u00f3ria. Encerrando o M\u00eas da Primeira Inf\u00e2ncia, no dia 31 de agosto, o Nen\u00ea apareceu em outro jogo do Brasileir\u00e3o: Flamengo x Gr\u00eamio.<\/p>\n\n\n\n<figure class=\"wp-block-gallery has-nested-images columns-default is-cropped wp-block-gallery-2 is-layout-flex wp-block-gallery-is-layout-flex\">\n<figure class=\"wp-block-image size-large\"><a href=\"https:\/\/fundacaomariacecilia.org.br\/wp-content\/uploads\/2025\/08\/2025-08-09-Flamengo-e-Mirassol.jpeg\" target=\"_blank\" rel=\"noopener\"><img loading=\"lazy\" decoding=\"async\" width=\"1024\" height=\"557\" data-id=\"13215\" src=\"https:\/\/fundacaomariacecilia.org.br\/wp-content\/uploads\/2025\/08\/2025-08-09-Flamengo-e-Mirassol-1024x557.jpeg\" alt=\"Faixa com Nelson, o nen\u00ea, e os dizeres em destaque: &quot;O tempo passa e o afeto fica, e na primeira inf\u00e2ncia \u00e9 pra vida toda - M\u00eas da primeira inf\u00e2ncia&quot;. A faixa est\u00e1 estendida pela equipe do time Flamengo, no est\u00e1dio do maracan\u00e3.\" class=\"wp-image-13215\" srcset=\"https:\/\/fundacaomariacecilia.org.br\/wp-content\/uploads\/2025\/08\/2025-08-09-Flamengo-e-Mirassol-1024x557.jpeg 1024w, https:\/\/fundacaomariacecilia.org.br\/wp-content\/uploads\/2025\/08\/2025-08-09-Flamengo-e-Mirassol-300x163.jpeg 300w, https:\/\/fundacaomariacecilia.org.br\/wp-content\/uploads\/2025\/08\/2025-08-09-Flamengo-e-Mirassol-768x418.jpeg 768w, https:\/\/fundacaomariacecilia.org.br\/wp-content\/uploads\/2025\/08\/2025-08-09-Flamengo-e-Mirassol-1536x835.jpeg 1536w, https:\/\/fundacaomariacecilia.org.br\/wp-content\/uploads\/2025\/08\/2025-08-09-Flamengo-e-Mirassol-18x10.jpeg 18w, https:\/\/fundacaomariacecilia.org.br\/wp-content\/uploads\/2025\/08\/2025-08-09-Flamengo-e-Mirassol.jpeg 1600w\" sizes=\"(max-width: 1024px) 100vw, 1024px\" \/><\/a><figcaption class=\"wp-element-caption\">Campanha pelo M\u00eas da Primeira Inf\u00e2ncia com Nelson, o Nen\u00ea, no jogo Flamengo x Mirassol (9\/8) no Maracan\u00e3<\/figcaption><\/figure>\n\n\n\n<figure class=\"wp-block-image size-large\"><a href=\"https:\/\/fundacaomariacecilia.org.br\/wp-content\/uploads\/2025\/08\/2025-08-31-Flamengo-e-Gremio-1-scaled-e1756848503239.jpg\" target=\"_blank\" rel=\"noopener\"><img loading=\"lazy\" decoding=\"async\" width=\"1024\" height=\"683\" data-id=\"13214\" src=\"https:\/\/fundacaomariacecilia.org.br\/wp-content\/uploads\/2025\/08\/2025-08-31-Flamengo-e-Gremio-1-1024x683.jpg\" alt=\"Faixa com Nelson, o Nen\u00ea, e os dizeres em destaque &quot;O tempo passa e o afeto fica, e na primeira inf\u00e2ncia \u00e9 pra vida toda - M\u00eas da primeira inf\u00e2ncia&quot;, em partida no Maracan\u00e3 de Flamengo e Gr\u00eamio.\" class=\"wp-image-13214\"\/><\/a><figcaption class=\"wp-element-caption\">Campanha pelo M\u00eas da Primeira Inf\u00e2ncia com Nelson, o Nen\u00ea, no jogo Flamengo x Gr\u00eamio (31\/8) no Maracan\u00e3<\/figcaption><\/figure>\n<\/figure>\n\n\n\n<h2 class=\"wp-block-heading\"><strong>Novas amizades<\/strong> <strong>do Nen\u00ea <\/strong><\/h2>\n\n\n\n<p>O Agosto Verde tamb\u00e9m trouxe encontros especiais nas redes sociais. Em parceria com o Minist\u00e9rio da Sa\u00fade, <a href=\"https:\/\/www.instagram.com\/p\/DNjE2AYJaaN\/?img_index=1\" target=\"_blank\" rel=\"noreferrer noopener\"><strong><span style=\"text-decoration: underline;\">o Nen\u00ea se uniu ao Z\u00e9 Gotinha<\/span><\/strong><\/a> para refor\u00e7ar a import\u00e2ncia da vacina\u00e7\u00e3o infantil. No mesmo tema, <a href=\"https:\/\/www.instagram.com\/p\/DNTKdWiPqVO\/\" target=\"_blank\" rel=\"noreferrer noopener\"><strong><span style=\"text-decoration: underline;\">Nelson dividiu espa\u00e7o com a Bubu e Tantan<\/span><\/strong><\/a>, mascotes da Funda\u00e7\u00e3o Butantan.<\/p>\n\n\n\n<p>J\u00e1 para estimular o v\u00ednculo entre crian\u00e7as e cuidadores atrav\u00e9s da leitura, o Nen\u00ea ganhou o apoio da turminha mais conhecida do Brasil. Em iniciativa in\u00e9dita com o Instituto Mauricio de Souza, o <a href=\"https:\/\/www.instagram.com\/p\/DN3rKdu2Iwa\/\" target=\"_blank\" rel=\"noreferrer noopener\"><strong><span style=\"text-decoration: underline;\">Nelson fez uma participa\u00e7\u00e3o especial como personagem da Turma da M\u00f4nica Baby<\/span><\/strong><\/a>!&nbsp;Diretamente do Bairro do Limoeiro, Monica, Casc\u00e3o e Milena se juntaram ao Nen\u00ea para conscientizar a sociedade de que o h\u00e1bito de ler para (e com) os pequenos \u00e9 um gesto de carinho e conex\u00e3o. E que esse v\u00ednculo, essencial para o desenvolvimento e a sa\u00fade das crian\u00e7as, estimula a criatividade, imagina\u00e7\u00e3o e linguagem.&nbsp;<\/p>\n\n\n\n<p>Para refletir sobre a import\u00e2ncia das conversas para a autoestima\u00a0de crian\u00e7as negras, <a href=\"https:\/\/www.instagram.com\/p\/DNqH8iUu2DK\/?img_index=1\" target=\"_blank\" rel=\"noreferrer noopener\"><strong><span style=\"text-decoration: underline;\">Nelson se juntou a Deb, do IDBR<\/span><\/strong><\/a>, em um papo sobre como a valoriza\u00e7\u00e3o da imagem e os v\u00ednculos ajudam\u00a0a \u201cnenezada\u201d a desenvolverem o sentimento de pertencimento.<\/p>\n\n\n\n<blockquote class=\"wp-block-quote is-layout-flow wp-block-quote-is-layout-flow\">\n<p>\u201cVer tantos parceiros abra\u00e7ando a primeira inf\u00e2ncia \u00e9 um motivo para comemorar. Essas alian\u00e7as ampliam o alcance da mensagem e mostram que todos \u2014 governo, organiza\u00e7\u00f5es, personagens e a sociedade \u2014 t\u00eam um papel na constru\u00e7\u00e3o de uma inf\u00e2ncia mais protegida e acolhedora\u201d, comenta Mariana Luz.<\/p>\n<\/blockquote>\n\n\n\n<figure class=\"wp-block-gallery has-nested-images columns-3 is-cropped wp-block-gallery-3 is-layout-flex wp-block-gallery-is-layout-flex\">\n<figure class=\"wp-block-image size-large\"><a href=\"https:\/\/fundacaomariacecilia.org.br\/en\/noticias\/o-tempo-passa-o-afeto-fica-nelson-o-nene-ganha-as-ruas-em-campanha-no-mes-da-primeira-infancia\/post-deb-ago_sem3_01\/\" target=\"_blank\" rel=\"noopener\"><img loading=\"lazy\" decoding=\"async\" width=\"819\" height=\"1024\" data-id=\"13222\" src=\"https:\/\/fundacaomariacecilia.org.br\/wp-content\/uploads\/2025\/08\/POST-DEB-AGO_sem3_01-819x1024.jpg\" alt=\"Nelson, o Nen\u00ea, olha seu reflexo no espelho. Nelson \u00e9 um personagem negro, sorridente, com cabelos cacheados e que representa um nen\u00ea de dois anos. H\u00e1 o texto &quot;Oi, Deb! T\u00e1 meu ouvindo a\u00ed? Eu sou o Nelson, o Nen\u00ea! Eu sou um nen\u00ea muito sabido, mas tem algo que n\u00e3o sei. Tava aqui me olhando no espelho e pensei... Ser\u00e1 que todo nen\u00ea cresce se achando bonito?&quot;\" class=\"wp-image-13222\" srcset=\"https:\/\/fundacaomariacecilia.org.br\/wp-content\/uploads\/2025\/08\/POST-DEB-AGO_sem3_01-819x1024.jpg 819w, https:\/\/fundacaomariacecilia.org.br\/wp-content\/uploads\/2025\/08\/POST-DEB-AGO_sem3_01-240x300.jpg 240w, https:\/\/fundacaomariacecilia.org.br\/wp-content\/uploads\/2025\/08\/POST-DEB-AGO_sem3_01-768x960.jpg 768w, https:\/\/fundacaomariacecilia.org.br\/wp-content\/uploads\/2025\/08\/POST-DEB-AGO_sem3_01-1229x1536.jpg 1229w, https:\/\/fundacaomariacecilia.org.br\/wp-content\/uploads\/2025\/08\/POST-DEB-AGO_sem3_01-1638x2048.jpg 1638w, https:\/\/fundacaomariacecilia.org.br\/wp-content\/uploads\/2025\/08\/POST-DEB-AGO_sem3_01-10x12.jpg 10w, https:\/\/fundacaomariacecilia.org.br\/wp-content\/uploads\/2025\/08\/POST-DEB-AGO_sem3_01-scaled.jpg 2048w\" sizes=\"(max-width: 819px) 100vw, 819px\" \/><\/a><figcaption class=\"wp-element-caption\">Nelson, o Nen\u00ea, se olha no espelho em campanha parceira com o ID_BR (1\/2)<\/figcaption><\/figure>\n\n\n\n<figure class=\"wp-block-image size-large\"><a href=\"https:\/\/fundacaomariacecilia.org.br\/en\/noticias\/o-tempo-passa-o-afeto-fica-nelson-o-nene-ganha-as-ruas-em-campanha-no-mes-da-primeira-infancia\/post-deb-ago_sem3_02\/\" target=\"_blank\" rel=\"noopener\"><img loading=\"lazy\" decoding=\"async\" width=\"819\" height=\"1024\" data-id=\"13223\" src=\"https:\/\/fundacaomariacecilia.org.br\/wp-content\/uploads\/2025\/08\/POST-DEB-AGO_sem3_02-819x1024.jpg\" alt=\"Deb, personagem virtual do ID_BR. Deb \u00e9 uma personagem negra, com tran\u00e7as no cabelo, que sorri e aponta para cima. H\u00e1 o texto &quot;Oi, Nen\u00ea! Sim, t\u00f4 aqui! Que pergunta importante, viu? Isso depende muito de como esse nen\u00ea \u00e9 tratado. O afeto que ele recebe, a forma como \u00e9 olhado, ouvido e valorizado... Tudo isso ajuda ele a se sentir importante&quot;.\" class=\"wp-image-13223\" srcset=\"https:\/\/fundacaomariacecilia.org.br\/wp-content\/uploads\/2025\/08\/POST-DEB-AGO_sem3_02-819x1024.jpg 819w, https:\/\/fundacaomariacecilia.org.br\/wp-content\/uploads\/2025\/08\/POST-DEB-AGO_sem3_02-240x300.jpg 240w, https:\/\/fundacaomariacecilia.org.br\/wp-content\/uploads\/2025\/08\/POST-DEB-AGO_sem3_02-768x960.jpg 768w, https:\/\/fundacaomariacecilia.org.br\/wp-content\/uploads\/2025\/08\/POST-DEB-AGO_sem3_02-1229x1536.jpg 1229w, https:\/\/fundacaomariacecilia.org.br\/wp-content\/uploads\/2025\/08\/POST-DEB-AGO_sem3_02-1638x2048.jpg 1638w, https:\/\/fundacaomariacecilia.org.br\/wp-content\/uploads\/2025\/08\/POST-DEB-AGO_sem3_02-10x12.jpg 10w, https:\/\/fundacaomariacecilia.org.br\/wp-content\/uploads\/2025\/08\/POST-DEB-AGO_sem3_02-scaled.jpg 2048w\" sizes=\"(max-width: 819px) 100vw, 819px\" \/><\/a><figcaption class=\"wp-element-caption\">Deb, personagem virtual do ID_BR responde \u00e0s d\u00favidas anteriores do Nen\u00ea (2\/2)<\/figcaption><\/figure>\n\n\n\n<figure class=\"wp-block-image size-large\"><a href=\"https:\/\/fundacaomariacecilia.org.br\/en\/noticias\/o-tempo-passa-o-afeto-fica-nelson-o-nene-ganha-as-ruas-em-campanha-no-mes-da-primeira-infancia\/post-ze_gotinha-ago_sem3_01\/\" target=\"_blank\" rel=\"noopener\"><img loading=\"lazy\" decoding=\"async\" width=\"819\" height=\"1024\" data-id=\"13220\" src=\"https:\/\/fundacaomariacecilia.org.br\/wp-content\/uploads\/2025\/08\/POST-ZE_GOTINHA-AGO_sem3_01-819x1024.jpg\" alt=\"Nelson, o Nen\u00ea, com o Z\u00e9 Gotinha. Nelson \u00e9 um personagem negro, sorridente, com cabelos cacheados e que representa um nen\u00ea de dois anos. Ao seu lado, Z\u00e9 Gotinha, mascote da vacina\u00e7\u00e3o do Sistema \u00danico de Sa\u00fade. A imagem tem o texto &quot;Oi, ex-nen\u00ea, presen\u00e7a super blaster ilustre aqui comigo hoje!&quot;\" class=\"wp-image-13220\" srcset=\"https:\/\/fundacaomariacecilia.org.br\/wp-content\/uploads\/2025\/08\/POST-ZE_GOTINHA-AGO_sem3_01-819x1024.jpg 819w, https:\/\/fundacaomariacecilia.org.br\/wp-content\/uploads\/2025\/08\/POST-ZE_GOTINHA-AGO_sem3_01-240x300.jpg 240w, https:\/\/fundacaomariacecilia.org.br\/wp-content\/uploads\/2025\/08\/POST-ZE_GOTINHA-AGO_sem3_01-768x960.jpg 768w, https:\/\/fundacaomariacecilia.org.br\/wp-content\/uploads\/2025\/08\/POST-ZE_GOTINHA-AGO_sem3_01-1229x1536.jpg 1229w, https:\/\/fundacaomariacecilia.org.br\/wp-content\/uploads\/2025\/08\/POST-ZE_GOTINHA-AGO_sem3_01-1638x2048.jpg 1638w, https:\/\/fundacaomariacecilia.org.br\/wp-content\/uploads\/2025\/08\/POST-ZE_GOTINHA-AGO_sem3_01-10x12.jpg 10w, https:\/\/fundacaomariacecilia.org.br\/wp-content\/uploads\/2025\/08\/POST-ZE_GOTINHA-AGO_sem3_01-scaled.jpg 2048w\" sizes=\"(max-width: 819px) 100vw, 819px\" \/><\/a><figcaption class=\"wp-element-caption\">Nelson, o Nen\u00ea com Z\u00e9 Gotinha, mascote da vacina\u00e7\u00e3o do Sistema \u00danico de Sa\u00fade<\/figcaption><\/figure>\n\n\n\n<figure class=\"wp-block-image size-large\"><a href=\"https:\/\/fundacaomariacecilia.org.br\/en\/noticias\/o-tempo-passa-o-afeto-fica-nelson-o-nene-ganha-as-ruas-em-campanha-no-mes-da-primeira-infancia\/card_unico_lacos_carinho_ternura\/\" target=\"_blank\" rel=\"noopener\"><img loading=\"lazy\" decoding=\"async\" width=\"1024\" height=\"1024\" data-id=\"13221\" src=\"https:\/\/fundacaomariacecilia.org.br\/wp-content\/uploads\/2025\/08\/card_unico_lacos_carinho_ternura-1024x1024.jpg\" alt=\"Nelson, o Nen\u00ea, com as personagens Milena e M\u00f4nica, da Turma da M\u00f4nica Baby. Nelson \u00e9 um personagem negro, sorridente, com cabelos cacheados e que representa um nen\u00ea de dois anos. Ao seu lado esquerdo, Milena, personagem beb\u00ea negra com cabelos crespos escuros, um la\u00e7o rosa na cabe\u00e7a e sorridente; ao lado direito do Nen\u00ea temos M\u00f4nica, personagem beb\u00ea branca com um la\u00e7o rosa grande na cabe\u00e7a, cabelos lisos escuros e sorri. Imagem tem o texto &quot;La\u00e7os de ternura e carinho - Ler com as crian\u00e7as \u00e9 viver hist\u00f3rias que ficam para toda a vida&quot;.\" class=\"wp-image-13221\" srcset=\"https:\/\/fundacaomariacecilia.org.br\/wp-content\/uploads\/2025\/08\/card_unico_lacos_carinho_ternura-1024x1024.jpg 1024w, https:\/\/fundacaomariacecilia.org.br\/wp-content\/uploads\/2025\/08\/card_unico_lacos_carinho_ternura-300x300.jpg 300w, https:\/\/fundacaomariacecilia.org.br\/wp-content\/uploads\/2025\/08\/card_unico_lacos_carinho_ternura-150x150.jpg 150w, https:\/\/fundacaomariacecilia.org.br\/wp-content\/uploads\/2025\/08\/card_unico_lacos_carinho_ternura-768x768.jpg 768w, https:\/\/fundacaomariacecilia.org.br\/wp-content\/uploads\/2025\/08\/card_unico_lacos_carinho_ternura-12x12.jpg 12w, https:\/\/fundacaomariacecilia.org.br\/wp-content\/uploads\/2025\/08\/card_unico_lacos_carinho_ternura.jpg 1080w\" sizes=\"(max-width: 1024px) 100vw, 1024px\" \/><\/a><figcaption class=\"wp-element-caption\">Nelson, o Nen\u00ea + Milena e M\u00f4nica, da Turma da M\u00f4nica <br>Baby em campanha de incentivo \u00e0 leitura com parceria do Instituto Mauricio de Souza<\/figcaption><\/figure>\n\n\n\n<figure class=\"wp-block-image size-large\"><a href=\"https:\/\/fundacaomariacecilia.org.br\/en\/noticias\/o-tempo-passa-o-afeto-fica-nelson-o-nene-ganha-as-ruas-em-campanha-no-mes-da-primeira-infancia\/captura-de-tela-2025-09-02-190456\/\" target=\"_blank\" rel=\"noopener\"><img loading=\"lazy\" decoding=\"async\" width=\"403\" height=\"672\" data-id=\"13224\" src=\"https:\/\/fundacaomariacecilia.org.br\/wp-content\/uploads\/2025\/08\/Captura-de-tela-2025-09-02-190456.png\" alt=\"Nelson, o Nen\u00ea, se apresenta. Nelson \u00e9 um personagem que representa um Nen\u00ea negro, de cabelos cacheados e que sorri. \" class=\"wp-image-13224\" srcset=\"https:\/\/fundacaomariacecilia.org.br\/wp-content\/uploads\/2025\/08\/Captura-de-tela-2025-09-02-190456.png 403w, https:\/\/fundacaomariacecilia.org.br\/wp-content\/uploads\/2025\/08\/Captura-de-tela-2025-09-02-190456-180x300.png 180w, https:\/\/fundacaomariacecilia.org.br\/wp-content\/uploads\/2025\/08\/Captura-de-tela-2025-09-02-190456-7x12.png 7w\" sizes=\"(max-width: 403px) 100vw, 403px\" \/><\/a><figcaption class=\"wp-element-caption\">Nelson, o Nen\u00ea, se apresenta para Bubu, mascote do Instituto Butantan. Imagem extra\u00edda do reels &#8220;Pergunta pra Bubu&#8221;, feito em parceria com o Instituto (1\/2)<\/figcaption><\/figure>\n\n\n\n<figure class=\"wp-block-image size-large\"><a href=\"https:\/\/fundacaomariacecilia.org.br\/en\/noticias\/o-tempo-passa-o-afeto-fica-nelson-o-nene-ganha-as-ruas-em-campanha-no-mes-da-primeira-infancia\/captura-de-tela-2025-09-02-190536\/\" target=\"_blank\" rel=\"noopener\"><img loading=\"lazy\" decoding=\"async\" width=\"402\" height=\"674\" data-id=\"13225\" src=\"https:\/\/fundacaomariacecilia.org.br\/wp-content\/uploads\/2025\/08\/Captura-de-tela-2025-09-02-190536.png\" alt=\"Imagem de Bubu, mascote do Instituto Butantan, uma cientista de pele clara, cabelos lisos escuros, que usa jaleco e sorri.\" class=\"wp-image-13225\" srcset=\"https:\/\/fundacaomariacecilia.org.br\/wp-content\/uploads\/2025\/08\/Captura-de-tela-2025-09-02-190536.png 402w, https:\/\/fundacaomariacecilia.org.br\/wp-content\/uploads\/2025\/08\/Captura-de-tela-2025-09-02-190536-179x300.png 179w, https:\/\/fundacaomariacecilia.org.br\/wp-content\/uploads\/2025\/08\/Captura-de-tela-2025-09-02-190536-7x12.png 7w\" sizes=\"(max-width: 402px) 100vw, 402px\" \/><\/a><figcaption class=\"wp-element-caption\">Bubu, mascote do Instituto Butantan, diz &#8220;oi&#8221; para Nelson, o Nen\u00ea. Imagem extra\u00edda do reels &#8220;Pergunta pra Bubu&#8221;, campanha feita em parceria com o Instituto (2\/2)<\/figcaption><\/figure>\n<\/figure>","protected":false},"excerpt":{"rendered":"<p>Com apari\u00e7\u00f5es no Maracan\u00e3, nos mobili\u00e1rios urbanos e em parcerias ic\u00f4nicas, o personagem percorreu o Brasil para refor\u00e7ar a import\u00e2ncia do cuidado e da conex\u00e3o nos primeiros anos de vida<\/p>","protected":false},"author":10,"featured_media":0,"parent":0,"template":"","meta":[],"class_list":["post-13168","noticias","type-noticias","status-publish","hentry"],"acf":[],"yoast_head":"<!-- This site is optimized with the Yoast SEO plugin v24.4 - https:\/\/yoast.com\/wordpress\/plugins\/seo\/ -->\n<title>Nelson, o Nen\u00ea, leva campanha &#039;O tempo passa, o afeto fica&#039; para as ruas<\/title>\n<meta name=\"description\" content=\"Nelson, o Nen\u00ea, percorre o Brasil para refor\u00e7ar a import\u00e2ncia do cuidado e da conex\u00e3o nos primeiros anos de vida\" \/>\n<meta name=\"robots\" content=\"index, follow, max-snippet:-1, max-image-preview:large, max-video-preview:-1\" \/>\n<link rel=\"canonical\" href=\"https:\/\/fundacaomariacecilia.org.br\/en\/noticias\/o-tempo-passa-o-afeto-fica-nelson-o-nene-ganha-as-ruas-em-campanha-no-mes-da-primeira-infancia\/\" \/>\n<meta property=\"og:locale\" content=\"en_US\" \/>\n<meta property=\"og:type\" content=\"article\" \/>\n<meta property=\"og:title\" content=\"Nelson, o Nen\u00ea, leva campanha &#039;O tempo passa, o afeto fica&#039; para as ruas\" \/>\n<meta property=\"og:description\" content=\"Nelson, o Nen\u00ea, percorre o Brasil para refor\u00e7ar a import\u00e2ncia do cuidado e da conex\u00e3o nos primeiros anos de vida\" \/>\n<meta property=\"og:url\" content=\"https:\/\/fundacaomariacecilia.org.br\/en\/noticias\/o-tempo-passa-o-afeto-fica-nelson-o-nene-ganha-as-ruas-em-campanha-no-mes-da-primeira-infancia\/\" \/>\n<meta property=\"og:site_name\" content=\"Funda\u00e7\u00e3o Maria Cecilia Souto Vidigal\" \/>\n<meta property=\"article:publisher\" content=\"https:\/\/www.facebook.com\/FundacaoMariaCeciliaSoutoVidigal\/\" \/>\n<meta property=\"article:modified_time\" content=\"2026-01-29T14:55:25+00:00\" \/>\n<meta property=\"og:image\" content=\"https:\/\/fundacaomariacecilia.org.br\/wp-content\/uploads\/2025\/08\/nene-nelson-agosto-e1758057972835.png\" \/>\n\t<meta property=\"og:image:width\" content=\"1361\" \/>\n\t<meta property=\"og:image:height\" content=\"552\" \/>\n\t<meta property=\"og:image:type\" content=\"image\/png\" \/>\n<meta name=\"twitter:card\" content=\"summary_large_image\" \/>\n<meta name=\"twitter:label1\" content=\"Est. reading time\" \/>\n\t<meta name=\"twitter:data1\" content=\"6 minutes\" \/>\n<script type=\"application\/ld+json\" class=\"yoast-schema-graph\">{\"@context\":\"https:\/\/schema.org\",\"@graph\":[{\"@type\":\"WebPage\",\"@id\":\"https:\/\/fundacaomariacecilia.org.br\/noticias\/o-tempo-passa-o-afeto-fica-nelson-o-nene-ganha-as-ruas-em-campanha-no-mes-da-primeira-infancia\/\",\"url\":\"https:\/\/fundacaomariacecilia.org.br\/noticias\/o-tempo-passa-o-afeto-fica-nelson-o-nene-ganha-as-ruas-em-campanha-no-mes-da-primeira-infancia\/\",\"name\":\"Nelson, o Nen\u00ea, leva campanha 'O tempo passa, o afeto fica' para as ruas\",\"isPartOf\":{\"@id\":\"https:\/\/fmcsv.sandbox.dev.br\/#website\"},\"primaryImageOfPage\":{\"@id\":\"https:\/\/fundacaomariacecilia.org.br\/noticias\/o-tempo-passa-o-afeto-fica-nelson-o-nene-ganha-as-ruas-em-campanha-no-mes-da-primeira-infancia\/#primaryimage\"},\"image\":{\"@id\":\"https:\/\/fundacaomariacecilia.org.br\/noticias\/o-tempo-passa-o-afeto-fica-nelson-o-nene-ganha-as-ruas-em-campanha-no-mes-da-primeira-infancia\/#primaryimage\"},\"thumbnailUrl\":\"https:\/\/fundacaomariacecilia.org.br\/wp-content\/uploads\/2025\/08\/nene-nelson-agosto-e1758057972835-1024x415.png\",\"datePublished\":\"2025-08-26T19:10:35+00:00\",\"dateModified\":\"2026-01-29T14:55:25+00:00\",\"description\":\"Nelson, o Nen\u00ea, percorre o Brasil para refor\u00e7ar a import\u00e2ncia do cuidado e da conex\u00e3o nos primeiros anos de vida\",\"breadcrumb\":{\"@id\":\"https:\/\/fundacaomariacecilia.org.br\/noticias\/o-tempo-passa-o-afeto-fica-nelson-o-nene-ganha-as-ruas-em-campanha-no-mes-da-primeira-infancia\/#breadcrumb\"},\"inLanguage\":\"en-US\",\"potentialAction\":[{\"@type\":\"ReadAction\",\"target\":[\"https:\/\/fundacaomariacecilia.org.br\/noticias\/o-tempo-passa-o-afeto-fica-nelson-o-nene-ganha-as-ruas-em-campanha-no-mes-da-primeira-infancia\/\"]}]},{\"@type\":\"ImageObject\",\"inLanguage\":\"en-US\",\"@id\":\"https:\/\/fundacaomariacecilia.org.br\/noticias\/o-tempo-passa-o-afeto-fica-nelson-o-nene-ganha-as-ruas-em-campanha-no-mes-da-primeira-infancia\/#primaryimage\",\"url\":\"https:\/\/fundacaomariacecilia.org.br\/wp-content\/uploads\/2025\/08\/nene-nelson-agosto-e1758057972835-1024x415.png\",\"contentUrl\":\"https:\/\/fundacaomariacecilia.org.br\/wp-content\/uploads\/2025\/08\/nene-nelson-agosto-e1758057972835-1024x415.png\"},{\"@type\":\"BreadcrumbList\",\"@id\":\"https:\/\/fundacaomariacecilia.org.br\/noticias\/o-tempo-passa-o-afeto-fica-nelson-o-nene-ganha-as-ruas-em-campanha-no-mes-da-primeira-infancia\/#breadcrumb\",\"itemListElement\":[{\"@type\":\"ListItem\",\"position\":1,\"name\":\"In\u00edcio\",\"item\":\"https:\/\/fundacaomariacecilia.org.br\/\"},{\"@type\":\"ListItem\",\"position\":2,\"name\":\"O tempo passa, o afeto fica: Nelson, o Nen\u00ea ganha as ruas em campanha no M\u00eas da Primeira Inf\u00e2ncia\"}]},{\"@type\":\"WebSite\",\"@id\":\"https:\/\/fmcsv.sandbox.dev.br\/#website\",\"url\":\"https:\/\/fmcsv.sandbox.dev.br\/\",\"name\":\"Funda\u00e7\u00e3o Maria Cecilia Souto Vidigal\",\"description\":\"Cuidar de cada crian\u00e7a \u00e9 cuidar do pa\u00eds inteiro\",\"publisher\":{\"@id\":\"https:\/\/fmcsv.sandbox.dev.br\/#organization\"},\"potentialAction\":[{\"@type\":\"SearchAction\",\"target\":{\"@type\":\"EntryPoint\",\"urlTemplate\":\"https:\/\/fmcsv.sandbox.dev.br\/?s={search_term_string}\"},\"query-input\":{\"@type\":\"PropertyValueSpecification\",\"valueRequired\":true,\"valueName\":\"search_term_string\"}}],\"inLanguage\":\"en-US\"},{\"@type\":\"Organization\",\"@id\":\"https:\/\/fmcsv.sandbox.dev.br\/#organization\",\"name\":\"Funda\u00e7\u00e3o Maria Cecilia Souto Vidigal\",\"url\":\"https:\/\/fmcsv.sandbox.dev.br\/\",\"logo\":{\"@type\":\"ImageObject\",\"inLanguage\":\"en-US\",\"@id\":\"https:\/\/fmcsv.sandbox.dev.br\/#\/schema\/logo\/image\/\",\"url\":\"https:\/\/fundacaomariacecilia.org.br\/wp-content\/uploads\/2024\/04\/Logo.svg\",\"contentUrl\":\"https:\/\/fundacaomariacecilia.org.br\/wp-content\/uploads\/2024\/04\/Logo.svg\",\"caption\":\"Funda\u00e7\u00e3o Maria Cecilia Souto Vidigal\"},\"image\":{\"@id\":\"https:\/\/fmcsv.sandbox.dev.br\/#\/schema\/logo\/image\/\"},\"sameAs\":[\"https:\/\/www.facebook.com\/FundacaoMariaCeciliaSoutoVidigal\/\",\"https:\/\/www.linkedin.com\/company\/fmcsv\/\",\"https:\/\/www.instagram.com\/fundacaomariacecilia\/\"]}]}<\/script>\n<!-- \/ Yoast SEO plugin. -->","yoast_head_json":{"title":"Nelson, o Nen\u00ea, leva campanha 'O tempo passa, o afeto fica' para as ruas","description":"Nelson, o Nen\u00ea, percorre o Brasil para refor\u00e7ar a import\u00e2ncia do cuidado e da conex\u00e3o nos primeiros anos de vida","robots":{"index":"index","follow":"follow","max-snippet":"max-snippet:-1","max-image-preview":"max-image-preview:large","max-video-preview":"max-video-preview:-1"},"canonical":"https:\/\/fundacaomariacecilia.org.br\/en\/noticias\/o-tempo-passa-o-afeto-fica-nelson-o-nene-ganha-as-ruas-em-campanha-no-mes-da-primeira-infancia\/","og_locale":"en_US","og_type":"article","og_title":"Nelson, o Nen\u00ea, leva campanha 'O tempo passa, o afeto fica' para as ruas","og_description":"Nelson, o Nen\u00ea, percorre o Brasil para refor\u00e7ar a import\u00e2ncia do cuidado e da conex\u00e3o nos primeiros anos de vida","og_url":"https:\/\/fundacaomariacecilia.org.br\/en\/noticias\/o-tempo-passa-o-afeto-fica-nelson-o-nene-ganha-as-ruas-em-campanha-no-mes-da-primeira-infancia\/","og_site_name":"Funda\u00e7\u00e3o Maria Cecilia Souto Vidigal","article_publisher":"https:\/\/www.facebook.com\/FundacaoMariaCeciliaSoutoVidigal\/","article_modified_time":"2026-01-29T14:55:25+00:00","og_image":[{"width":1361,"height":552,"url":"https:\/\/fundacaomariacecilia.org.br\/wp-content\/uploads\/2025\/08\/nene-nelson-agosto-e1758057972835.png","type":"image\/png"}],"twitter_card":"summary_large_image","twitter_misc":{"Est. reading time":"6 minutes"},"schema":{"@context":"https:\/\/schema.org","@graph":[{"@type":"WebPage","@id":"https:\/\/fundacaomariacecilia.org.br\/noticias\/o-tempo-passa-o-afeto-fica-nelson-o-nene-ganha-as-ruas-em-campanha-no-mes-da-primeira-infancia\/","url":"https:\/\/fundacaomariacecilia.org.br\/noticias\/o-tempo-passa-o-afeto-fica-nelson-o-nene-ganha-as-ruas-em-campanha-no-mes-da-primeira-infancia\/","name":"Nelson, o Nen\u00ea, leva campanha 'O tempo passa, o afeto fica' para as ruas","isPartOf":{"@id":"https:\/\/fmcsv.sandbox.dev.br\/#website"},"primaryImageOfPage":{"@id":"https:\/\/fundacaomariacecilia.org.br\/noticias\/o-tempo-passa-o-afeto-fica-nelson-o-nene-ganha-as-ruas-em-campanha-no-mes-da-primeira-infancia\/#primaryimage"},"image":{"@id":"https:\/\/fundacaomariacecilia.org.br\/noticias\/o-tempo-passa-o-afeto-fica-nelson-o-nene-ganha-as-ruas-em-campanha-no-mes-da-primeira-infancia\/#primaryimage"},"thumbnailUrl":"https:\/\/fundacaomariacecilia.org.br\/wp-content\/uploads\/2025\/08\/nene-nelson-agosto-e1758057972835-1024x415.png","datePublished":"2025-08-26T19:10:35+00:00","dateModified":"2026-01-29T14:55:25+00:00","description":"Nelson, o Nen\u00ea, percorre o Brasil para refor\u00e7ar a import\u00e2ncia do cuidado e da conex\u00e3o nos primeiros anos de vida","breadcrumb":{"@id":"https:\/\/fundacaomariacecilia.org.br\/noticias\/o-tempo-passa-o-afeto-fica-nelson-o-nene-ganha-as-ruas-em-campanha-no-mes-da-primeira-infancia\/#breadcrumb"},"inLanguage":"en-US","potentialAction":[{"@type":"ReadAction","target":["https:\/\/fundacaomariacecilia.org.br\/noticias\/o-tempo-passa-o-afeto-fica-nelson-o-nene-ganha-as-ruas-em-campanha-no-mes-da-primeira-infancia\/"]}]},{"@type":"ImageObject","inLanguage":"en-US","@id":"https:\/\/fundacaomariacecilia.org.br\/noticias\/o-tempo-passa-o-afeto-fica-nelson-o-nene-ganha-as-ruas-em-campanha-no-mes-da-primeira-infancia\/#primaryimage","url":"https:\/\/fundacaomariacecilia.org.br\/wp-content\/uploads\/2025\/08\/nene-nelson-agosto-e1758057972835-1024x415.png","contentUrl":"https:\/\/fundacaomariacecilia.org.br\/wp-content\/uploads\/2025\/08\/nene-nelson-agosto-e1758057972835-1024x415.png"},{"@type":"BreadcrumbList","@id":"https:\/\/fundacaomariacecilia.org.br\/noticias\/o-tempo-passa-o-afeto-fica-nelson-o-nene-ganha-as-ruas-em-campanha-no-mes-da-primeira-infancia\/#breadcrumb","itemListElement":[{"@type":"ListItem","position":1,"name":"In\u00edcio","item":"https:\/\/fundacaomariacecilia.org.br\/"},{"@type":"ListItem","position":2,"name":"O tempo passa, o afeto fica: Nelson, o Nen\u00ea ganha as ruas em campanha no M\u00eas da Primeira Inf\u00e2ncia"}]},{"@type":"WebSite","@id":"https:\/\/fmcsv.sandbox.dev.br\/#website","url":"https:\/\/fmcsv.sandbox.dev.br\/","name":"Funda\u00e7\u00e3o Maria Cecilia Souto Vidigal","description":"Caring for every child is caring for the whole country","publisher":{"@id":"https:\/\/fmcsv.sandbox.dev.br\/#organization"},"potentialAction":[{"@type":"SearchAction","target":{"@type":"EntryPoint","urlTemplate":"https:\/\/fmcsv.sandbox.dev.br\/?s={search_term_string}"},"query-input":{"@type":"PropertyValueSpecification","valueRequired":true,"valueName":"search_term_string"}}],"inLanguage":"en-US"},{"@type":"Organization","@id":"https:\/\/fmcsv.sandbox.dev.br\/#organization","name":"Funda\u00e7\u00e3o Maria Cecilia Souto Vidigal","url":"https:\/\/fmcsv.sandbox.dev.br\/","logo":{"@type":"ImageObject","inLanguage":"en-US","@id":"https:\/\/fmcsv.sandbox.dev.br\/#\/schema\/logo\/image\/","url":"https:\/\/fundacaomariacecilia.org.br\/wp-content\/uploads\/2024\/04\/Logo.svg","contentUrl":"https:\/\/fundacaomariacecilia.org.br\/wp-content\/uploads\/2024\/04\/Logo.svg","caption":"Funda\u00e7\u00e3o Maria Cecilia Souto Vidigal"},"image":{"@id":"https:\/\/fmcsv.sandbox.dev.br\/#\/schema\/logo\/image\/"},"sameAs":["https:\/\/www.facebook.com\/FundacaoMariaCeciliaSoutoVidigal\/","https:\/\/www.linkedin.com\/company\/fmcsv\/","https:\/\/www.instagram.com\/fundacaomariacecilia\/"]}]}},"_links":{"self":[{"href":"https:\/\/fundacaomariacecilia.org.br\/en\/wp-json\/wp\/v2\/noticias\/13168"}],"collection":[{"href":"https:\/\/fundacaomariacecilia.org.br\/en\/wp-json\/wp\/v2\/noticias"}],"about":[{"href":"https:\/\/fundacaomariacecilia.org.br\/en\/wp-json\/wp\/v2\/types\/noticias"}],"author":[{"embeddable":true,"href":"https:\/\/fundacaomariacecilia.org.br\/en\/wp-json\/wp\/v2\/users\/10"}],"wp:attachment":[{"href":"https:\/\/fundacaomariacecilia.org.br\/en\/wp-json\/wp\/v2\/media?parent=13168"}],"curies":[{"name":"wp","href":"https:\/\/api.w.org\/{rel}","templated":true}]}}