{"id":13307,"date":"2025-10-28T17:22:19","date_gmt":"2025-10-28T20:22:19","guid":{"rendered":"https:\/\/fundacaomariacecilia.org.br\/?post_type=noticias&#038;p=13307"},"modified":"2026-04-23T19:35:53","modified_gmt":"2026-04-23T22:35:53","slug":"campanha-fundacao-maria-cecilia-souto-vidigal-instituto-mauricio-de-souza","status":"publish","type":"noticias","link":"https:\/\/fundacaomariacecilia.org.br\/en\/noticias\/campanha-fundacao-maria-cecilia-souto-vidigal-instituto-mauricio-de-souza\/","title":{"rendered":"Instituto Mauricio de Sousa e Funda\u00e7\u00e3o Maria Cecilia Souto Vidigal distribuem 1.700 kits em a\u00e7\u00e3o de incentivo \u00e0 leitura"},"content":{"rendered":"<figure class=\"wp-block-image size-large\"><img loading=\"lazy\" decoding=\"async\" width=\"1024\" height=\"312\" src=\"https:\/\/fundacaomariacecilia.org.br\/wp-content\/uploads\/2025\/10\/leitura-vinculos-foto-por-julio-cesar-fmcsv-2024-18-e1761682562921-1024x312.jpg\" alt=\"Uma m\u00e3e l\u00ea para seu filho, que segura um livro deitado na cama. Ilustra mat\u00e9ria sobre campanha de distribui\u00e7\u00e3o de kits de leitura realizada pela Funda\u00e7\u00e3o Maria Souto Vidigal e Instituto Mauricio de Souza.\" class=\"wp-image-13308\" srcset=\"https:\/\/fundacaomariacecilia.org.br\/wp-content\/uploads\/2025\/10\/leitura-vinculos-foto-por-julio-cesar-fmcsv-2024-18-e1761682562921-1024x312.jpg 1024w, https:\/\/fundacaomariacecilia.org.br\/wp-content\/uploads\/2025\/10\/leitura-vinculos-foto-por-julio-cesar-fmcsv-2024-18-e1761682562921-300x91.jpg 300w, https:\/\/fundacaomariacecilia.org.br\/wp-content\/uploads\/2025\/10\/leitura-vinculos-foto-por-julio-cesar-fmcsv-2024-18-e1761682562921-768x234.jpg 768w, https:\/\/fundacaomariacecilia.org.br\/wp-content\/uploads\/2025\/10\/leitura-vinculos-foto-por-julio-cesar-fmcsv-2024-18-e1761682562921-18x5.jpg 18w, https:\/\/fundacaomariacecilia.org.br\/wp-content\/uploads\/2025\/10\/leitura-vinculos-foto-por-julio-cesar-fmcsv-2024-18-e1761682562921.jpg 1150w\" sizes=\"(max-width: 1024px) 100vw, 1024px\" \/><\/figure>\n\n\n\n<p>A campanha \u201cContar Hist\u00f3rias na Primeira Inf\u00e2ncia \u00e9 Para a Vida Toda\u201d, fruto da parceria entre o Instituto Mauricio de Sousa e a <a href=\"https:\/\/fundacaomariacecilia.org.br\/en\/\" target=\"_blank\" rel=\"noreferrer noopener\"><span style=\"text-decoration: underline;\">Funda\u00e7\u00e3o Maria Cecilia Souto Vidigal<\/span><\/a> (FMCSV), d\u00e1 mais um passo importante em sua miss\u00e3o de estimular a leitura durante a primeira inf\u00e2ncia, classificada de 0 a 6 anos de idade. Ao todo, foram entregues 1.700 kits de leitura, cada um composto por cinco gibis, que foram destinados para parceiros no estado de S\u00e3o Paulo.<\/p>\n\n\n\n<p>Os territ\u00f3rios selecionados &#8211; Favela dos Sonhos, em Ferraz de Vasconcellos; Barra de S\u00e3o Miguel e Cidade de Deus, em Guarulhos; Jardim Lapena, no extremo leste da cidade de S\u00e3o Paulo &#8211; integram a campanha \u201c<a href=\"https:\/\/fundacaomariacecilia.org.br\/en\/noticias\/territorios-do-cuidado-como-transformar-a-relacao-de-uma-comunidade-com-suas-criancas\/\" target=\"_blank\" rel=\"noreferrer noopener\"><span style=\"text-decoration: underline;\">Territories of Care<\/span><\/a>\u201d, uma iniciativa da Funda\u00e7\u00e3o Maria Cecilia Souto Vidigal, que conta com a parceria da Gerando Falc\u00f5es e, no caso do Jardim Lapena, com o apoio da Funda\u00e7\u00e3o Tide Setubal.<\/p>\n\n\n\n<p>Nessas regi\u00f5es, as a\u00e7\u00f5es de mobiliza\u00e7\u00e3o aconteceram entre os dias 11 e 25 de outubro, em celebra\u00e7\u00e3o ao M\u00eas das Crian\u00e7as, com foco na promo\u00e7\u00e3o da leitura e no fortalecimento do v\u00ednculo entre cuidadores e crian\u00e7as pequenas<\/p>\n\n\n\n<p>A campanha, que estreou ainda em 2025 com o personagem <a href=\"https:\/\/fundacaomariacecilia.org.br\/en\/noticias\/o-tempo-passa-o-afeto-fica-nelson-o-nene-ganha-as-ruas-em-campanha-no-mes-da-primeira-infancia\/\" target=\"_blank\" rel=\"noreferrer noopener\"><span style=\"text-decoration: underline;\">Nelson Neto, o Nen\u00ea<\/span><\/a>, redesenhado com os tra\u00e7os da Turma da M\u00f4nica Baby, tem como prop\u00f3sito sensibilizar cuidadores sobre a import\u00e2ncia da leitura e conta\u00e7\u00e3o de hist\u00f3rias desde os primeiros anos de vida, e refor\u00e7a o compromisso social do Instituto com a alfabetiza\u00e7\u00e3o. O personagem simboliza a import\u00e2ncia do cuidado, do afeto e da escuta ativa na <a href=\"https:\/\/fundacaomariacecilia.org.br\/en\/noticias\/mes-da-primeira-infancia-2025\/\" target=\"_blank\" rel=\"noreferrer noopener\"><span style=\"text-decoration: underline;\">primeira inf\u00e2ncia<\/span><\/a>.<\/p>\n\n\n\n<p>Criado em 2020, Nelson Neto nasceu para chamar a aten\u00e7\u00e3o dos pais e cuidadores para a promo\u00e7\u00e3o do <a href=\"https:\/\/biblioteca.fmcsv.org.br\/resultado-de-busca\/?categorias=31&amp;formatos=&amp;publicos=&amp;assuntos=\"><span style=\"text-decoration: underline;\">desenvolvimento infantil<\/span><\/a> em suas m\u00faltiplas dimens\u00f5es (sa\u00fade, nutri\u00e7\u00e3o, educa\u00e7\u00e3o, seguran\u00e7a e cuidados responsivos).<\/p>\n\n\n\n<blockquote class=\"wp-block-quote is-layout-flow wp-block-quote-is-layout-flow\">\n<p>\u201cAcreditamos no poder das hist\u00f3rias para transformar a inf\u00e2ncia e fortalecer os v\u00ednculos familiares. Trazer o cuidado com a inf\u00e2ncia como centro da campanha \u00e9 essencial para ampliar a aten\u00e7\u00e3o social sobre o tema e inspirar mais fam\u00edlias a criarem momentos de leitura com seus filhos\u201d, afirma Marina Sousa, diretora-executiva do Instituto Mauricio de Sousa.<\/p>\n<\/blockquote>\n\n\n\n<p>\u201cParcerias como esta mostram a for\u00e7a que nasce quando diferentes institui\u00e7\u00f5es se unem em torno de um mesmo prop\u00f3sito: garantir que cada crian\u00e7a tenha um <a href=\"https:\/\/biblioteca.fmcsv.org.br\/biblioteca\/o-comeco-da-vida-trailer-1\/\"><span style=\"text-decoration: underline;\">in\u00edcio de vida<\/span><\/a> repleto de afeto, cuidado e oportunidades. Ao lado do Instituto Mauricio de Sousa, conseguimos somar expertises e alcan\u00e7ar mais fam\u00edlias, promovendo a leitura como um gesto de v\u00ednculo, desenvolvimento e amor na primeira inf\u00e2ncia\u201d, finaliza Mariana Luz, CEO da Funda\u00e7\u00e3o Maria Cecilia Souto Vidigal.<\/p>","protected":false},"excerpt":{"rendered":"<p>Iniciativa faz parte da campanha \u201cContar Hist\u00f3rias na Primeira Inf\u00e2ncia \u00e9 Para a Vida Toda\u201d, com atividades no interior de S\u00e3o Paulo<\/p>","protected":false},"author":10,"featured_media":0,"parent":0,"template":"","meta":[],"class_list":["post-13307","noticias","type-noticias","status-publish","hentry"],"acf":[],"yoast_head":"<!-- This site is optimized with the Yoast SEO plugin v24.4 - https:\/\/yoast.com\/wordpress\/plugins\/seo\/ -->\n<title>Campanha de leitura distribui 1.700 kits de livros no interior de SP<\/title>\n<meta name=\"description\" content=\"Iniciativa faz parte da campanha \u201cContar Hist\u00f3rias na Primeira Inf\u00e2ncia \u00e9 Para a Vida Toda\u201d, com atividades no interior de S\u00e3o Paulo\" \/>\n<meta name=\"robots\" content=\"index, follow, max-snippet:-1, max-image-preview:large, max-video-preview:-1\" \/>\n<link rel=\"canonical\" href=\"https:\/\/fundacaomariacecilia.org.br\/en\/noticias\/campanha-fundacao-maria-cecilia-souto-vidigal-instituto-mauricio-de-souza\/\" \/>\n<meta property=\"og:locale\" content=\"en_US\" \/>\n<meta property=\"og:type\" content=\"article\" \/>\n<meta property=\"og:title\" content=\"Campanha de leitura distribui 1.700 kits de livros no interior de SP\" \/>\n<meta property=\"og:description\" content=\"Iniciativa faz parte da campanha \u201cContar Hist\u00f3rias na Primeira Inf\u00e2ncia \u00e9 Para a Vida Toda\u201d, com atividades no interior de S\u00e3o Paulo\" \/>\n<meta property=\"og:url\" content=\"https:\/\/fundacaomariacecilia.org.br\/en\/noticias\/campanha-fundacao-maria-cecilia-souto-vidigal-instituto-mauricio-de-souza\/\" \/>\n<meta property=\"og:site_name\" content=\"Funda\u00e7\u00e3o Maria Cecilia Souto Vidigal\" \/>\n<meta property=\"article:publisher\" content=\"https:\/\/www.facebook.com\/FundacaoMariaCeciliaSoutoVidigal\/\" \/>\n<meta property=\"article:modified_time\" content=\"2026-04-23T22:35:53+00:00\" \/>\n<meta property=\"og:image\" content=\"https:\/\/fundacaomariacecilia.org.br\/wp-content\/uploads\/2025\/10\/leitura-vinculos-foto-por-julio-cesar-fmcsv-2024-18-e1761682562921.jpg\" \/>\n\t<meta property=\"og:image:width\" content=\"1150\" \/>\n\t<meta property=\"og:image:height\" content=\"350\" \/>\n\t<meta property=\"og:image:type\" content=\"image\/jpeg\" \/>\n<meta name=\"twitter:card\" content=\"summary_large_image\" \/>\n<script type=\"application\/ld+json\" class=\"yoast-schema-graph\">{\"@context\":\"https:\/\/schema.org\",\"@graph\":[{\"@type\":\"WebPage\",\"@id\":\"https:\/\/fundacaomariacecilia.org.br\/noticias\/campanha-fundacao-maria-cecilia-souto-vidigal-instituto-mauricio-de-souza\/\",\"url\":\"https:\/\/fundacaomariacecilia.org.br\/noticias\/campanha-fundacao-maria-cecilia-souto-vidigal-instituto-mauricio-de-souza\/\",\"name\":\"Campanha de leitura distribui 1.700 kits de livros no interior de SP\",\"isPartOf\":{\"@id\":\"https:\/\/fmcsv.sandbox.dev.br\/#website\"},\"primaryImageOfPage\":{\"@id\":\"https:\/\/fundacaomariacecilia.org.br\/noticias\/campanha-fundacao-maria-cecilia-souto-vidigal-instituto-mauricio-de-souza\/#primaryimage\"},\"image\":{\"@id\":\"https:\/\/fundacaomariacecilia.org.br\/noticias\/campanha-fundacao-maria-cecilia-souto-vidigal-instituto-mauricio-de-souza\/#primaryimage\"},\"thumbnailUrl\":\"https:\/\/fundacaomariacecilia.org.br\/wp-content\/uploads\/2025\/10\/leitura-vinculos-foto-por-julio-cesar-fmcsv-2024-18-e1761682562921-1024x312.jpg\",\"datePublished\":\"2025-10-28T20:22:19+00:00\",\"dateModified\":\"2026-04-23T22:35:53+00:00\",\"description\":\"Iniciativa faz parte da campanha \u201cContar Hist\u00f3rias na Primeira Inf\u00e2ncia \u00e9 Para a Vida Toda\u201d, com atividades no interior de S\u00e3o Paulo\",\"breadcrumb\":{\"@id\":\"https:\/\/fundacaomariacecilia.org.br\/noticias\/campanha-fundacao-maria-cecilia-souto-vidigal-instituto-mauricio-de-souza\/#breadcrumb\"},\"inLanguage\":\"en-US\",\"potentialAction\":[{\"@type\":\"ReadAction\",\"target\":[\"https:\/\/fundacaomariacecilia.org.br\/noticias\/campanha-fundacao-maria-cecilia-souto-vidigal-instituto-mauricio-de-souza\/\"]}]},{\"@type\":\"ImageObject\",\"inLanguage\":\"en-US\",\"@id\":\"https:\/\/fundacaomariacecilia.org.br\/noticias\/campanha-fundacao-maria-cecilia-souto-vidigal-instituto-mauricio-de-souza\/#primaryimage\",\"url\":\"https:\/\/fundacaomariacecilia.org.br\/wp-content\/uploads\/2025\/10\/leitura-vinculos-foto-por-julio-cesar-fmcsv-2024-18-e1761682562921-1024x312.jpg\",\"contentUrl\":\"https:\/\/fundacaomariacecilia.org.br\/wp-content\/uploads\/2025\/10\/leitura-vinculos-foto-por-julio-cesar-fmcsv-2024-18-e1761682562921-1024x312.jpg\"},{\"@type\":\"BreadcrumbList\",\"@id\":\"https:\/\/fundacaomariacecilia.org.br\/noticias\/campanha-fundacao-maria-cecilia-souto-vidigal-instituto-mauricio-de-souza\/#breadcrumb\",\"itemListElement\":[{\"@type\":\"ListItem\",\"position\":1,\"name\":\"In\u00edcio\",\"item\":\"https:\/\/fundacaomariacecilia.org.br\/\"},{\"@type\":\"ListItem\",\"position\":2,\"name\":\"Instituto Mauricio de Sousa e Funda\u00e7\u00e3o Maria Cecilia Souto Vidigal distribuem 1.700 kits em a\u00e7\u00e3o de incentivo \u00e0 leitura\"}]},{\"@type\":\"WebSite\",\"@id\":\"https:\/\/fmcsv.sandbox.dev.br\/#website\",\"url\":\"https:\/\/fmcsv.sandbox.dev.br\/\",\"name\":\"Funda\u00e7\u00e3o Maria Cecilia Souto Vidigal\",\"description\":\"Cuidar de cada crian\u00e7a \u00e9 cuidar do pa\u00eds inteiro\",\"publisher\":{\"@id\":\"https:\/\/fmcsv.sandbox.dev.br\/#organization\"},\"potentialAction\":[{\"@type\":\"SearchAction\",\"target\":{\"@type\":\"EntryPoint\",\"urlTemplate\":\"https:\/\/fmcsv.sandbox.dev.br\/?s={search_term_string}\"},\"query-input\":{\"@type\":\"PropertyValueSpecification\",\"valueRequired\":true,\"valueName\":\"search_term_string\"}}],\"inLanguage\":\"en-US\"},{\"@type\":\"Organization\",\"@id\":\"https:\/\/fmcsv.sandbox.dev.br\/#organization\",\"name\":\"Funda\u00e7\u00e3o Maria Cecilia Souto Vidigal\",\"url\":\"https:\/\/fmcsv.sandbox.dev.br\/\",\"logo\":{\"@type\":\"ImageObject\",\"inLanguage\":\"en-US\",\"@id\":\"https:\/\/fmcsv.sandbox.dev.br\/#\/schema\/logo\/image\/\",\"url\":\"https:\/\/fundacaomariacecilia.org.br\/wp-content\/uploads\/2024\/04\/Logo.svg\",\"contentUrl\":\"https:\/\/fundacaomariacecilia.org.br\/wp-content\/uploads\/2024\/04\/Logo.svg\",\"caption\":\"Funda\u00e7\u00e3o Maria Cecilia Souto Vidigal\"},\"image\":{\"@id\":\"https:\/\/fmcsv.sandbox.dev.br\/#\/schema\/logo\/image\/\"},\"sameAs\":[\"https:\/\/www.facebook.com\/FundacaoMariaCeciliaSoutoVidigal\/\",\"https:\/\/www.linkedin.com\/company\/fmcsv\/\",\"https:\/\/www.instagram.com\/fundacaomariacecilia\/\"]}]}<\/script>\n<!-- \/ Yoast SEO plugin. -->","yoast_head_json":{"title":"Campanha de leitura distribui 1.700 kits de livros no interior de SP","description":"Iniciativa faz parte da campanha \u201cContar Hist\u00f3rias na Primeira Inf\u00e2ncia \u00e9 Para a Vida Toda\u201d, com atividades no interior de S\u00e3o Paulo","robots":{"index":"index","follow":"follow","max-snippet":"max-snippet:-1","max-image-preview":"max-image-preview:large","max-video-preview":"max-video-preview:-1"},"canonical":"https:\/\/fundacaomariacecilia.org.br\/en\/noticias\/campanha-fundacao-maria-cecilia-souto-vidigal-instituto-mauricio-de-souza\/","og_locale":"en_US","og_type":"article","og_title":"Campanha de leitura distribui 1.700 kits de livros no interior de SP","og_description":"Iniciativa faz parte da campanha \u201cContar Hist\u00f3rias na Primeira Inf\u00e2ncia \u00e9 Para a Vida Toda\u201d, com atividades no interior de S\u00e3o Paulo","og_url":"https:\/\/fundacaomariacecilia.org.br\/en\/noticias\/campanha-fundacao-maria-cecilia-souto-vidigal-instituto-mauricio-de-souza\/","og_site_name":"Funda\u00e7\u00e3o Maria Cecilia Souto Vidigal","article_publisher":"https:\/\/www.facebook.com\/FundacaoMariaCeciliaSoutoVidigal\/","article_modified_time":"2026-04-23T22:35:53+00:00","og_image":[{"width":1150,"height":350,"url":"https:\/\/fundacaomariacecilia.org.br\/wp-content\/uploads\/2025\/10\/leitura-vinculos-foto-por-julio-cesar-fmcsv-2024-18-e1761682562921.jpg","type":"image\/jpeg"}],"twitter_card":"summary_large_image","schema":{"@context":"https:\/\/schema.org","@graph":[{"@type":"WebPage","@id":"https:\/\/fundacaomariacecilia.org.br\/noticias\/campanha-fundacao-maria-cecilia-souto-vidigal-instituto-mauricio-de-souza\/","url":"https:\/\/fundacaomariacecilia.org.br\/noticias\/campanha-fundacao-maria-cecilia-souto-vidigal-instituto-mauricio-de-souza\/","name":"Campanha de leitura distribui 1.700 kits de livros no interior de SP","isPartOf":{"@id":"https:\/\/fmcsv.sandbox.dev.br\/#website"},"primaryImageOfPage":{"@id":"https:\/\/fundacaomariacecilia.org.br\/noticias\/campanha-fundacao-maria-cecilia-souto-vidigal-instituto-mauricio-de-souza\/#primaryimage"},"image":{"@id":"https:\/\/fundacaomariacecilia.org.br\/noticias\/campanha-fundacao-maria-cecilia-souto-vidigal-instituto-mauricio-de-souza\/#primaryimage"},"thumbnailUrl":"https:\/\/fundacaomariacecilia.org.br\/wp-content\/uploads\/2025\/10\/leitura-vinculos-foto-por-julio-cesar-fmcsv-2024-18-e1761682562921-1024x312.jpg","datePublished":"2025-10-28T20:22:19+00:00","dateModified":"2026-04-23T22:35:53+00:00","description":"Iniciativa faz parte da campanha \u201cContar Hist\u00f3rias na Primeira Inf\u00e2ncia \u00e9 Para a Vida Toda\u201d, com atividades no interior de S\u00e3o Paulo","breadcrumb":{"@id":"https:\/\/fundacaomariacecilia.org.br\/noticias\/campanha-fundacao-maria-cecilia-souto-vidigal-instituto-mauricio-de-souza\/#breadcrumb"},"inLanguage":"en-US","potentialAction":[{"@type":"ReadAction","target":["https:\/\/fundacaomariacecilia.org.br\/noticias\/campanha-fundacao-maria-cecilia-souto-vidigal-instituto-mauricio-de-souza\/"]}]},{"@type":"ImageObject","inLanguage":"en-US","@id":"https:\/\/fundacaomariacecilia.org.br\/noticias\/campanha-fundacao-maria-cecilia-souto-vidigal-instituto-mauricio-de-souza\/#primaryimage","url":"https:\/\/fundacaomariacecilia.org.br\/wp-content\/uploads\/2025\/10\/leitura-vinculos-foto-por-julio-cesar-fmcsv-2024-18-e1761682562921-1024x312.jpg","contentUrl":"https:\/\/fundacaomariacecilia.org.br\/wp-content\/uploads\/2025\/10\/leitura-vinculos-foto-por-julio-cesar-fmcsv-2024-18-e1761682562921-1024x312.jpg"},{"@type":"BreadcrumbList","@id":"https:\/\/fundacaomariacecilia.org.br\/noticias\/campanha-fundacao-maria-cecilia-souto-vidigal-instituto-mauricio-de-souza\/#breadcrumb","itemListElement":[{"@type":"ListItem","position":1,"name":"In\u00edcio","item":"https:\/\/fundacaomariacecilia.org.br\/"},{"@type":"ListItem","position":2,"name":"Instituto Mauricio de Sousa e Funda\u00e7\u00e3o Maria Cecilia Souto Vidigal distribuem 1.700 kits em a\u00e7\u00e3o de incentivo \u00e0 leitura"}]},{"@type":"WebSite","@id":"https:\/\/fmcsv.sandbox.dev.br\/#website","url":"https:\/\/fmcsv.sandbox.dev.br\/","name":"Funda\u00e7\u00e3o Maria Cecilia Souto Vidigal","description":"Caring for every child is caring for the whole country","publisher":{"@id":"https:\/\/fmcsv.sandbox.dev.br\/#organization"},"potentialAction":[{"@type":"SearchAction","target":{"@type":"EntryPoint","urlTemplate":"https:\/\/fmcsv.sandbox.dev.br\/?s={search_term_string}"},"query-input":{"@type":"PropertyValueSpecification","valueRequired":true,"valueName":"search_term_string"}}],"inLanguage":"en-US"},{"@type":"Organization","@id":"https:\/\/fmcsv.sandbox.dev.br\/#organization","name":"Funda\u00e7\u00e3o Maria Cecilia Souto Vidigal","url":"https:\/\/fmcsv.sandbox.dev.br\/","logo":{"@type":"ImageObject","inLanguage":"en-US","@id":"https:\/\/fmcsv.sandbox.dev.br\/#\/schema\/logo\/image\/","url":"https:\/\/fundacaomariacecilia.org.br\/wp-content\/uploads\/2024\/04\/Logo.svg","contentUrl":"https:\/\/fundacaomariacecilia.org.br\/wp-content\/uploads\/2024\/04\/Logo.svg","caption":"Funda\u00e7\u00e3o Maria Cecilia Souto Vidigal"},"image":{"@id":"https:\/\/fmcsv.sandbox.dev.br\/#\/schema\/logo\/image\/"},"sameAs":["https:\/\/www.facebook.com\/FundacaoMariaCeciliaSoutoVidigal\/","https:\/\/www.linkedin.com\/company\/fmcsv\/","https:\/\/www.instagram.com\/fundacaomariacecilia\/"]}]}},"_links":{"self":[{"href":"https:\/\/fundacaomariacecilia.org.br\/en\/wp-json\/wp\/v2\/noticias\/13307"}],"collection":[{"href":"https:\/\/fundacaomariacecilia.org.br\/en\/wp-json\/wp\/v2\/noticias"}],"about":[{"href":"https:\/\/fundacaomariacecilia.org.br\/en\/wp-json\/wp\/v2\/types\/noticias"}],"author":[{"embeddable":true,"href":"https:\/\/fundacaomariacecilia.org.br\/en\/wp-json\/wp\/v2\/users\/10"}],"wp:attachment":[{"href":"https:\/\/fundacaomariacecilia.org.br\/en\/wp-json\/wp\/v2\/media?parent=13307"}],"curies":[{"name":"wp","href":"https:\/\/api.w.org\/{rel}","templated":true}]}}