{"id":9418,"date":"2020-09-03T14:22:00","date_gmt":"2020-09-03T17:22:00","guid":{"rendered":"https:\/\/fundacaomariacecilia.org.br\/?post_type=noticias&#038;p=9418"},"modified":"2025-01-13T00:49:13","modified_gmt":"2025-01-13T03:49:13","slug":"fundacao-maria-cecilia-souto-vidigal-lanca-a-plataforma-primeira-infancia-primeiro","status":"publish","type":"noticias","link":"https:\/\/fundacaomariacecilia.org.br\/en\/noticias\/fundacao-maria-cecilia-souto-vidigal-lanca-a-plataforma-primeira-infancia-primeiro\/","title":{"rendered":"Funda\u00e7\u00e3o Maria Cecilia Souto Vidigal lan\u00e7a a plataforma Primeira Inf\u00e2ncia Primeiro"},"content":{"rendered":"<figure class=\"wp-block-image size-full\"><img loading=\"lazy\" decoding=\"async\" width=\"908\" height=\"585\" src=\"https:\/\/fundacaomariacecilia.org.br\/wp-content\/uploads\/2024\/08\/lancamento-plataforma-primeira-infancia-primeiro_webp.webp\" alt=\"Montagem de fundo em tons de azul com um menino negro, no centro, soprando bolhas de sab\u00e3o. Imagem ilustra mat\u00e9ria &quot;Funda\u00e7\u00e3o Maria Cecilia Souto Vidigal lan\u00e7a a plataforma Primeira Inf\u00e2ncia Primeiro&quot;.\" class=\"wp-image-9419\" srcset=\"https:\/\/fundacaomariacecilia.org.br\/wp-content\/uploads\/2024\/08\/lancamento-plataforma-primeira-infancia-primeiro_webp.webp 908w, https:\/\/fundacaomariacecilia.org.br\/wp-content\/uploads\/2024\/08\/lancamento-plataforma-primeira-infancia-primeiro_webp-300x193.webp 300w, https:\/\/fundacaomariacecilia.org.br\/wp-content\/uploads\/2024\/08\/lancamento-plataforma-primeira-infancia-primeiro_webp-768x495.webp 768w, https:\/\/fundacaomariacecilia.org.br\/wp-content\/uploads\/2024\/08\/lancamento-plataforma-primeira-infancia-primeiro_webp-18x12.webp 18w\" sizes=\"(max-width: 908px) 100vw, 908px\" \/><\/figure>\n\n\n\n<p>As elei\u00e7\u00f5es municipais de 2020 est\u00e3o chegando, e mais do que nunca, ser\u00e1 preciso estabelecer as prioridades certas. \u00c9 por isso que, nesta quinta-feira (3), a Funda\u00e7\u00e3o Maria Cecilia Souto Vidigal lan\u00e7a a plataforma <a href=\"https:\/\/primeirainfanciaprimeiro.fmcsv.org.br\/\" target=\"_blank\" rel=\"noreferrer noopener\"><span style=\"text-decoration: underline;\"><strong>Early Childhood First<\/strong><\/span><\/a>. Ela integra uma s\u00e9rie de iniciativas em desenvolvimento pela Funda\u00e7\u00e3o ao longo do ano, com o objetivo de garantir que os novos planos municipais atendam \u00e0s necessidades de <strong>apoio, prote\u00e7\u00e3o e desenvolvimento da primeira inf\u00e2ncia.<\/strong><\/p>\n\n\n\n<p>Embora boa parte das decis\u00f5es sejam tomadas nos \u00e2mbitos federal e estadual, \u00e9 nos munic\u00edpios que os planos viram a\u00e7\u00f5es e que pol\u00edticas p\u00fablicas podem de fato impactar o dia a dia da popula\u00e7\u00e3o em seus m\u00faltiplos aspectos. Para dar um panorama da situa\u00e7\u00e3o das 5.570 cidades brasileiras, a plataforma apresenta 33 indicadores para cada munic\u00edpio.<\/p>\n\n\n\n<p>Os indicadores est\u00e3o divididos em cinco eixos: sa\u00fade, nutri\u00e7\u00e3o, seguran\u00e7a e prote\u00e7\u00e3o, parentalidade e educa\u00e7\u00e3o infantil. A metodologia aplicada \u00e9 conhecida como \u201cNurturing Care\u201d, estabelecida pela Organiza\u00e7\u00e3o Mundial de Sa\u00fade (OMS), Unicef e Banco Mundial, al\u00e9m de dados demogr\u00e1ficos.<\/p>\n\n\n\n<blockquote class=\"wp-block-quote is-layout-flow wp-block-quote-is-layout-flow\">\n<p>\u201cCriamos essa ferramenta porque entendemos que para agir com consist\u00eancia em benef\u00edcio da primeira inf\u00e2ncia \u00e9 preciso primeiro inteirar-se dos principais desafios no atendimento aos direitos das crian\u00e7as em seu munic\u00edpio e ter objetivos claros, metas fact\u00edveis para serem atingida durante o mandato\u201d, diz Mariana Luz, CEO da Funda\u00e7\u00e3o Maria Cecilia Souto Vidigal.<\/p>\n<\/blockquote>\n\n\n\n<h2 class=\"wp-block-heading\">Sobre a plataforma<\/h2>\n\n\n\n<p>A ferramenta utiliza dados oficiais de fontes p\u00fablicas que cobrem as diferentes \u00e1reas relacionadas com as pol\u00edticas p\u00fablicas municipais para a primeira inf\u00e2ncia, com periodicidade vari\u00e1vel. As informa\u00e7\u00f5es acess\u00edveis na plataforma s\u00e3o as vers\u00f5es mais atuais a que se tem acesso. No caso das capitais, h\u00e1 uma an\u00e1lise dos dados apresentados dividida pelos eixos, na qual s\u00e3o destacados alguns dos indicadores que chamaram mais aten\u00e7\u00e3o em cada caso.<\/p>\n\n\n\n<p>A plataforma traz nove diretrizes para ajudar os gestores a entender por onde devem come\u00e7ar e o que \u00e9 mais urgente no tratamento das quest\u00f5es relacionadas \u00e0 primeira inf\u00e2ncia. As recomenda\u00e7\u00f5es foram montadas com base em estudos e na opini\u00e3o de especialistas em cada uma das \u00e1reas tratadas. Al\u00e9m de poder ser usada para o planejamento, ela \u00e9 um instrumento de acompanhamento cont\u00ednuo tanto de gestores p\u00fablicos, imprensa, entidades do terceiro setor e de toda a sociedade.<\/p>\n\n\n\n<blockquote class=\"wp-block-quote is-layout-flow wp-block-quote-is-layout-flow\">\n<p>\u201cUm bom prefeito e uma boa c\u00e2mara de vereadores s\u00e3o aqueles capazes de fazer boas escolhas diante das restri\u00e7\u00f5es de tempo e de or\u00e7amento a que est\u00e3o submetidos. Muitas dessas escolhas voltadas \u00e0 primeira inf\u00e2ncia trazem resultados imediatos, e conferem reconhecimento autom\u00e1tico a quem as tomou\u201d, finaliza Heloisa Oliveira, diretora de Rela\u00e7\u00f5es Institucionais da Funda\u00e7\u00e3o Maria Cecilia Souto Vidigal.<\/p>\n<\/blockquote>","protected":false},"excerpt":{"rendered":"<p>Iniciativa permite conferir dados sobre cuidados, servi\u00e7os e o desenvolvimento de crian\u00e7as de 0 a 6 anos em cada um dos 5.570 munic\u00edpios do pa\u00eds<\/p>","protected":false},"author":3,"featured_media":0,"parent":0,"template":"","meta":[],"class_list":["post-9418","noticias","type-noticias","status-publish","hentry"],"acf":[],"yoast_head":"<!-- This site is optimized with the Yoast SEO plugin v24.4 - https:\/\/yoast.com\/wordpress\/plugins\/seo\/ -->\n<title>Funda\u00e7\u00e3o Maria Cecilia Souto Vidigal lan\u00e7a a plataforma Primeira Inf\u00e2ncia Primeiro - Funda\u00e7\u00e3o Maria Cecilia Souto Vidigal<\/title>\n<meta name=\"robots\" content=\"index, follow, max-snippet:-1, max-image-preview:large, max-video-preview:-1\" \/>\n<link rel=\"canonical\" href=\"https:\/\/fundacaomariacecilia.org.br\/en\/noticias\/fundacao-maria-cecilia-souto-vidigal-lanca-a-plataforma-primeira-infancia-primeiro\/\" \/>\n<meta property=\"og:locale\" content=\"en_US\" \/>\n<meta property=\"og:type\" content=\"article\" \/>\n<meta property=\"og:title\" content=\"Funda\u00e7\u00e3o Maria Cecilia Souto Vidigal lan\u00e7a a plataforma Primeira Inf\u00e2ncia Primeiro - Funda\u00e7\u00e3o Maria Cecilia Souto Vidigal\" \/>\n<meta property=\"og:description\" content=\"Iniciativa permite conferir dados sobre cuidados, servi\u00e7os e o desenvolvimento de crian\u00e7as de 0 a 6 anos em cada um dos 5.570 munic\u00edpios do pa\u00eds\" \/>\n<meta property=\"og:url\" content=\"https:\/\/fundacaomariacecilia.org.br\/en\/noticias\/fundacao-maria-cecilia-souto-vidigal-lanca-a-plataforma-primeira-infancia-primeiro\/\" \/>\n<meta property=\"og:site_name\" content=\"Funda\u00e7\u00e3o Maria Cecilia Souto Vidigal\" \/>\n<meta property=\"article:publisher\" content=\"https:\/\/www.facebook.com\/FundacaoMariaCeciliaSoutoVidigal\/\" \/>\n<meta property=\"article:modified_time\" content=\"2025-01-13T03:49:13+00:00\" \/>\n<meta property=\"og:image\" content=\"https:\/\/fundacaomariacecilia.org.br\/wp-content\/uploads\/2024\/08\/lancamento-plataforma-primeira-infancia-primeiro_webp.webp\" \/>\n\t<meta property=\"og:image:width\" content=\"908\" \/>\n\t<meta property=\"og:image:height\" content=\"585\" \/>\n\t<meta property=\"og:image:type\" content=\"image\/webp\" \/>\n<meta name=\"twitter:card\" content=\"summary_large_image\" \/>\n<meta name=\"twitter:label1\" content=\"Est. reading time\" \/>\n\t<meta name=\"twitter:data1\" content=\"2 minutes\" \/>\n<script type=\"application\/ld+json\" class=\"yoast-schema-graph\">{\"@context\":\"https:\/\/schema.org\",\"@graph\":[{\"@type\":\"WebPage\",\"@id\":\"https:\/\/fundacaomariacecilia.org.br\/noticias\/fundacao-maria-cecilia-souto-vidigal-lanca-a-plataforma-primeira-infancia-primeiro\/\",\"url\":\"https:\/\/fundacaomariacecilia.org.br\/noticias\/fundacao-maria-cecilia-souto-vidigal-lanca-a-plataforma-primeira-infancia-primeiro\/\",\"name\":\"Funda\u00e7\u00e3o Maria Cecilia Souto Vidigal lan\u00e7a a plataforma Primeira Inf\u00e2ncia Primeiro - Funda\u00e7\u00e3o Maria Cecilia Souto Vidigal\",\"isPartOf\":{\"@id\":\"https:\/\/fmcsv.sandbox.dev.br\/#website\"},\"primaryImageOfPage\":{\"@id\":\"https:\/\/fundacaomariacecilia.org.br\/noticias\/fundacao-maria-cecilia-souto-vidigal-lanca-a-plataforma-primeira-infancia-primeiro\/#primaryimage\"},\"image\":{\"@id\":\"https:\/\/fundacaomariacecilia.org.br\/noticias\/fundacao-maria-cecilia-souto-vidigal-lanca-a-plataforma-primeira-infancia-primeiro\/#primaryimage\"},\"thumbnailUrl\":\"https:\/\/fundacaomariacecilia.org.br\/wp-content\/uploads\/2024\/08\/lancamento-plataforma-primeira-infancia-primeiro_webp.webp\",\"datePublished\":\"2020-09-03T17:22:00+00:00\",\"dateModified\":\"2025-01-13T03:49:13+00:00\",\"breadcrumb\":{\"@id\":\"https:\/\/fundacaomariacecilia.org.br\/noticias\/fundacao-maria-cecilia-souto-vidigal-lanca-a-plataforma-primeira-infancia-primeiro\/#breadcrumb\"},\"inLanguage\":\"en-US\",\"potentialAction\":[{\"@type\":\"ReadAction\",\"target\":[\"https:\/\/fundacaomariacecilia.org.br\/noticias\/fundacao-maria-cecilia-souto-vidigal-lanca-a-plataforma-primeira-infancia-primeiro\/\"]}]},{\"@type\":\"ImageObject\",\"inLanguage\":\"en-US\",\"@id\":\"https:\/\/fundacaomariacecilia.org.br\/noticias\/fundacao-maria-cecilia-souto-vidigal-lanca-a-plataforma-primeira-infancia-primeiro\/#primaryimage\",\"url\":\"https:\/\/fundacaomariacecilia.org.br\/wp-content\/uploads\/2024\/08\/lancamento-plataforma-primeira-infancia-primeiro_webp.webp\",\"contentUrl\":\"https:\/\/fundacaomariacecilia.org.br\/wp-content\/uploads\/2024\/08\/lancamento-plataforma-primeira-infancia-primeiro_webp.webp\"},{\"@type\":\"BreadcrumbList\",\"@id\":\"https:\/\/fundacaomariacecilia.org.br\/noticias\/fundacao-maria-cecilia-souto-vidigal-lanca-a-plataforma-primeira-infancia-primeiro\/#breadcrumb\",\"itemListElement\":[{\"@type\":\"ListItem\",\"position\":1,\"name\":\"In\u00edcio\",\"item\":\"https:\/\/fundacaomariacecilia.org.br\/\"},{\"@type\":\"ListItem\",\"position\":2,\"name\":\"Funda\u00e7\u00e3o Maria Cecilia Souto Vidigal lan\u00e7a a plataforma Primeira Inf\u00e2ncia Primeiro\"}]},{\"@type\":\"WebSite\",\"@id\":\"https:\/\/fmcsv.sandbox.dev.br\/#website\",\"url\":\"https:\/\/fmcsv.sandbox.dev.br\/\",\"name\":\"Funda\u00e7\u00e3o Maria Cecilia Souto Vidigal\",\"description\":\"Cuidar de cada crian\u00e7a \u00e9 cuidar do pa\u00eds inteiro\",\"publisher\":{\"@id\":\"https:\/\/fmcsv.sandbox.dev.br\/#organization\"},\"potentialAction\":[{\"@type\":\"SearchAction\",\"target\":{\"@type\":\"EntryPoint\",\"urlTemplate\":\"https:\/\/fmcsv.sandbox.dev.br\/?s={search_term_string}\"},\"query-input\":{\"@type\":\"PropertyValueSpecification\",\"valueRequired\":true,\"valueName\":\"search_term_string\"}}],\"inLanguage\":\"en-US\"},{\"@type\":\"Organization\",\"@id\":\"https:\/\/fmcsv.sandbox.dev.br\/#organization\",\"name\":\"Funda\u00e7\u00e3o Maria Cecilia Souto Vidigal\",\"url\":\"https:\/\/fmcsv.sandbox.dev.br\/\",\"logo\":{\"@type\":\"ImageObject\",\"inLanguage\":\"en-US\",\"@id\":\"https:\/\/fmcsv.sandbox.dev.br\/#\/schema\/logo\/image\/\",\"url\":\"https:\/\/fundacaomariacecilia.org.br\/wp-content\/uploads\/2024\/04\/Logo.svg\",\"contentUrl\":\"https:\/\/fundacaomariacecilia.org.br\/wp-content\/uploads\/2024\/04\/Logo.svg\",\"caption\":\"Funda\u00e7\u00e3o Maria Cecilia Souto Vidigal\"},\"image\":{\"@id\":\"https:\/\/fmcsv.sandbox.dev.br\/#\/schema\/logo\/image\/\"},\"sameAs\":[\"https:\/\/www.facebook.com\/FundacaoMariaCeciliaSoutoVidigal\/\",\"https:\/\/www.linkedin.com\/company\/fmcsv\/\",\"https:\/\/www.instagram.com\/fundacaomariacecilia\/\"]}]}<\/script>\n<!-- \/ Yoast SEO plugin. -->","yoast_head_json":{"title":"Funda\u00e7\u00e3o Maria Cecilia Souto Vidigal lan\u00e7a a plataforma Primeira Inf\u00e2ncia Primeiro - Funda\u00e7\u00e3o Maria Cecilia Souto Vidigal","robots":{"index":"index","follow":"follow","max-snippet":"max-snippet:-1","max-image-preview":"max-image-preview:large","max-video-preview":"max-video-preview:-1"},"canonical":"https:\/\/fundacaomariacecilia.org.br\/en\/noticias\/fundacao-maria-cecilia-souto-vidigal-lanca-a-plataforma-primeira-infancia-primeiro\/","og_locale":"en_US","og_type":"article","og_title":"Funda\u00e7\u00e3o Maria Cecilia Souto Vidigal lan\u00e7a a plataforma Primeira Inf\u00e2ncia Primeiro - Funda\u00e7\u00e3o Maria Cecilia Souto Vidigal","og_description":"Iniciativa permite conferir dados sobre cuidados, servi\u00e7os e o desenvolvimento de crian\u00e7as de 0 a 6 anos em cada um dos 5.570 munic\u00edpios do pa\u00eds","og_url":"https:\/\/fundacaomariacecilia.org.br\/en\/noticias\/fundacao-maria-cecilia-souto-vidigal-lanca-a-plataforma-primeira-infancia-primeiro\/","og_site_name":"Funda\u00e7\u00e3o Maria Cecilia Souto Vidigal","article_publisher":"https:\/\/www.facebook.com\/FundacaoMariaCeciliaSoutoVidigal\/","article_modified_time":"2025-01-13T03:49:13+00:00","og_image":[{"width":908,"height":585,"url":"https:\/\/fundacaomariacecilia.org.br\/wp-content\/uploads\/2024\/08\/lancamento-plataforma-primeira-infancia-primeiro_webp.webp","type":"image\/webp"}],"twitter_card":"summary_large_image","twitter_misc":{"Est. reading time":"2 minutes"},"schema":{"@context":"https:\/\/schema.org","@graph":[{"@type":"WebPage","@id":"https:\/\/fundacaomariacecilia.org.br\/noticias\/fundacao-maria-cecilia-souto-vidigal-lanca-a-plataforma-primeira-infancia-primeiro\/","url":"https:\/\/fundacaomariacecilia.org.br\/noticias\/fundacao-maria-cecilia-souto-vidigal-lanca-a-plataforma-primeira-infancia-primeiro\/","name":"Funda\u00e7\u00e3o Maria Cecilia Souto Vidigal lan\u00e7a a plataforma Primeira Inf\u00e2ncia Primeiro - Funda\u00e7\u00e3o Maria Cecilia Souto Vidigal","isPartOf":{"@id":"https:\/\/fmcsv.sandbox.dev.br\/#website"},"primaryImageOfPage":{"@id":"https:\/\/fundacaomariacecilia.org.br\/noticias\/fundacao-maria-cecilia-souto-vidigal-lanca-a-plataforma-primeira-infancia-primeiro\/#primaryimage"},"image":{"@id":"https:\/\/fundacaomariacecilia.org.br\/noticias\/fundacao-maria-cecilia-souto-vidigal-lanca-a-plataforma-primeira-infancia-primeiro\/#primaryimage"},"thumbnailUrl":"https:\/\/fundacaomariacecilia.org.br\/wp-content\/uploads\/2024\/08\/lancamento-plataforma-primeira-infancia-primeiro_webp.webp","datePublished":"2020-09-03T17:22:00+00:00","dateModified":"2025-01-13T03:49:13+00:00","breadcrumb":{"@id":"https:\/\/fundacaomariacecilia.org.br\/noticias\/fundacao-maria-cecilia-souto-vidigal-lanca-a-plataforma-primeira-infancia-primeiro\/#breadcrumb"},"inLanguage":"en-US","potentialAction":[{"@type":"ReadAction","target":["https:\/\/fundacaomariacecilia.org.br\/noticias\/fundacao-maria-cecilia-souto-vidigal-lanca-a-plataforma-primeira-infancia-primeiro\/"]}]},{"@type":"ImageObject","inLanguage":"en-US","@id":"https:\/\/fundacaomariacecilia.org.br\/noticias\/fundacao-maria-cecilia-souto-vidigal-lanca-a-plataforma-primeira-infancia-primeiro\/#primaryimage","url":"https:\/\/fundacaomariacecilia.org.br\/wp-content\/uploads\/2024\/08\/lancamento-plataforma-primeira-infancia-primeiro_webp.webp","contentUrl":"https:\/\/fundacaomariacecilia.org.br\/wp-content\/uploads\/2024\/08\/lancamento-plataforma-primeira-infancia-primeiro_webp.webp"},{"@type":"BreadcrumbList","@id":"https:\/\/fundacaomariacecilia.org.br\/noticias\/fundacao-maria-cecilia-souto-vidigal-lanca-a-plataforma-primeira-infancia-primeiro\/#breadcrumb","itemListElement":[{"@type":"ListItem","position":1,"name":"In\u00edcio","item":"https:\/\/fundacaomariacecilia.org.br\/"},{"@type":"ListItem","position":2,"name":"Funda\u00e7\u00e3o Maria Cecilia Souto Vidigal lan\u00e7a a plataforma Primeira Inf\u00e2ncia Primeiro"}]},{"@type":"WebSite","@id":"https:\/\/fmcsv.sandbox.dev.br\/#website","url":"https:\/\/fmcsv.sandbox.dev.br\/","name":"Funda\u00e7\u00e3o Maria Cecilia Souto Vidigal","description":"Caring for every child is caring for the whole country","publisher":{"@id":"https:\/\/fmcsv.sandbox.dev.br\/#organization"},"potentialAction":[{"@type":"SearchAction","target":{"@type":"EntryPoint","urlTemplate":"https:\/\/fmcsv.sandbox.dev.br\/?s={search_term_string}"},"query-input":{"@type":"PropertyValueSpecification","valueRequired":true,"valueName":"search_term_string"}}],"inLanguage":"en-US"},{"@type":"Organization","@id":"https:\/\/fmcsv.sandbox.dev.br\/#organization","name":"Funda\u00e7\u00e3o Maria Cecilia Souto Vidigal","url":"https:\/\/fmcsv.sandbox.dev.br\/","logo":{"@type":"ImageObject","inLanguage":"en-US","@id":"https:\/\/fmcsv.sandbox.dev.br\/#\/schema\/logo\/image\/","url":"https:\/\/fundacaomariacecilia.org.br\/wp-content\/uploads\/2024\/04\/Logo.svg","contentUrl":"https:\/\/fundacaomariacecilia.org.br\/wp-content\/uploads\/2024\/04\/Logo.svg","caption":"Funda\u00e7\u00e3o Maria Cecilia Souto Vidigal"},"image":{"@id":"https:\/\/fmcsv.sandbox.dev.br\/#\/schema\/logo\/image\/"},"sameAs":["https:\/\/www.facebook.com\/FundacaoMariaCeciliaSoutoVidigal\/","https:\/\/www.linkedin.com\/company\/fmcsv\/","https:\/\/www.instagram.com\/fundacaomariacecilia\/"]}]}},"_links":{"self":[{"href":"https:\/\/fundacaomariacecilia.org.br\/en\/wp-json\/wp\/v2\/noticias\/9418"}],"collection":[{"href":"https:\/\/fundacaomariacecilia.org.br\/en\/wp-json\/wp\/v2\/noticias"}],"about":[{"href":"https:\/\/fundacaomariacecilia.org.br\/en\/wp-json\/wp\/v2\/types\/noticias"}],"author":[{"embeddable":true,"href":"https:\/\/fundacaomariacecilia.org.br\/en\/wp-json\/wp\/v2\/users\/3"}],"wp:attachment":[{"href":"https:\/\/fundacaomariacecilia.org.br\/en\/wp-json\/wp\/v2\/media?parent=9418"}],"curies":[{"name":"wp","href":"https:\/\/api.w.org\/{rel}","templated":true}]}}