{"id":9420,"date":"2020-09-25T14:33:00","date_gmt":"2020-09-25T17:33:00","guid":{"rendered":"https:\/\/fundacaomariacecilia.org.br\/?post_type=noticias&#038;p=9420"},"modified":"2025-01-13T00:13:00","modified_gmt":"2025-01-13T03:13:00","slug":"bid-e-parceiros-lancam-hub-de-desenvolvimento-da-primeira-infancia","status":"publish","type":"noticias","link":"https:\/\/fundacaomariacecilia.org.br\/en\/noticias\/bid-e-parceiros-lancam-hub-de-desenvolvimento-da-primeira-infancia\/","title":{"rendered":"Banco Interamericano de Desenvolvimento e parceiros lan\u00e7am Hub de Desenvolvimento da Primeira Inf\u00e2ncia"},"content":{"rendered":"<figure class=\"wp-block-image size-full is-resized\"><img loading=\"lazy\" decoding=\"async\" width=\"800\" height=\"533\" src=\"https:\/\/fundacaomariacecilia.org.br\/wp-content\/uploads\/2024\/08\/crianca-primeira-infancia-webp.webp\" alt=\"Uma menina est\u00e1 sentada no ch\u00e3o, regando plantas pr\u00f3ximas. A m\u00e3o de um adulto segura seu pulso com leveza. A imagem ilustra a mat\u00e9ria &quot;Banco Interamericano de Desenvolvimento e parceiros lan\u00e7am Hub de Desenvolvimento da Primeira Inf\u00e2ncia&quot;.\" class=\"wp-image-9421\" style=\"object-fit:cover;width:1000px;height:350px\" srcset=\"https:\/\/fundacaomariacecilia.org.br\/wp-content\/uploads\/2024\/08\/crianca-primeira-infancia-webp.webp 800w, https:\/\/fundacaomariacecilia.org.br\/wp-content\/uploads\/2024\/08\/crianca-primeira-infancia-webp-300x200.webp 300w, https:\/\/fundacaomariacecilia.org.br\/wp-content\/uploads\/2024\/08\/crianca-primeira-infancia-webp-768x512.webp 768w, https:\/\/fundacaomariacecilia.org.br\/wp-content\/uploads\/2024\/08\/crianca-primeira-infancia-webp-18x12.webp 18w\" sizes=\"(max-width: 800px) 100vw, 800px\" \/><\/figure>\n\n\n\n<p>Em parceria com o <a href=\"https:\/\/www.iadb.org\/en\" target=\"_blank\" rel=\"noreferrer noopener\">Fundo de Inova\u00e7\u00e3o para o Desenvolvimento da Primeira Inf\u00e2ncia<\/a>, o Banco Interamericano de Desenvolvimento (BID) lan\u00e7a o <a href=\"https:\/\/desarrollo-infantil.iadb.org\/pt\" target=\"_blank\" rel=\"noreferrer noopener\"><strong><span style=\"text-decoration: underline;\">Hub de Desenvolvimento da Primeira Inf\u00e2ncia: Conhecimento e Inova\u00e7\u00e3o para Am\u00e9rica Latina e Caribe<\/span><\/strong><\/a>, uma p\u00e1gina web que promove a troca de conhecimentos, mostra a outras partes do mundo a riqueza de conhecimentos produzidos na regi\u00e3o e oferece recursos e ferramentas pr\u00e1ticas para implementar a\u00e7\u00f5es em prol do desenvolvimento das crian\u00e7as de 0 a 5 anos.<\/p>\n\n\n\n<p>O hub se destina a governos, organiza\u00e7\u00f5es nacionais e internacionais, setor privado, sociedade civil, academia, estudantes, fam\u00edlias e todos os interessados em conhecer e aprender sobre o desenvolvimento da primeira inf\u00e2ncia. Dispon\u00edvel em espanhol, ingl\u00eas e portugu\u00eas, o hub oferece uma s\u00e9rie de recursos, incluindo um mapa interativo da regi\u00e3o com inova\u00e7\u00f5es em desenvolvimento infantil e a descri\u00e7\u00e3o de cada uma delas, bem como links para informa\u00e7\u00f5es adicionais.<\/p>\n\n\n\n<p>O lan\u00e7amento tamb\u00e9m facilita o acesso a uma s\u00e9rie de recursos produzidos por diferentes organiza\u00e7\u00f5es que atuam na Am\u00e9rica Latina e no Caribe, com publica\u00e7\u00f5es, estudos de avalia\u00e7\u00e3o do desenvolvimento na primeira inf\u00e2ncia, blogs, materiais para interven\u00e7\u00f5es, eventos, webin\u00e1rios, entre outros.<\/p>\n\n\n\n<h2 class=\"wp-block-heading\">Sobre o lan\u00e7amento<\/h2>\n\n\n\n<p>O Hub de Desenvolvimento da Primeira Inf\u00e2ncia chega em um momento cr\u00edtico para essa fase da vida. Com a interrup\u00e7\u00e3o de in\u00fameros servi\u00e7os de desenvolvimento infantil na regi\u00e3o e as quase 19 milh\u00f5es de crian\u00e7as em idade pr\u00e9-escolar fora da escola em raz\u00e3o da <a href=\"https:\/\/www.fmcsv.org.br\/pt-BR\/coronavirus\/\" target=\"_blank\" rel=\"noreferrer noopener\">covid-19<\/a>, \u00e9 preciso criar urgentemente espa\u00e7os que fomentem a troca de ideias e refer\u00eancias. Assim, os pa\u00edses podem repensar, criar e articular servi\u00e7os de qualidade flex\u00edveis e resilientes, capazes de garantir a continuidade do desenvolvimento e da aprendizagem das crian\u00e7as mais novas \u2013 especialmente aquelas das fam\u00edlias mais afetadas pela crise econ\u00f4mica como resultado da pandemia.<\/p>\n\n\n\n<p>As evid\u00eancias mostram que os servi\u00e7os de desenvolvimento infantil de qualidade s\u00e3o a melhor garantia de um bom come\u00e7o para todas as crian\u00e7as nascidas na Am\u00e9rica Latina e Caribe. Os dados dispon\u00edveis indicam que h\u00e1 lacunas nos n\u00edveis de desenvolvimento desde a mais tenra idade, entre crian\u00e7as que crescem em fam\u00edlias em diferentes n\u00edveis de condi\u00e7\u00e3o socioecon\u00f4mica. Essas lacunas persistem e aumentam com a idade e, quando as crian\u00e7as iniciam sua vida escolar, resultam em diferen\u00e7as significativas no processo da aprendizagem.<\/p>\n\n\n\n<p>Por isso, \u00e9 imprescind\u00edvel buscar mecanismos para garantir que as mais de 50 milh\u00f5es de crian\u00e7as de 0 a 5 anos na regi\u00e3o, particularmente aquelas de fam\u00edlias em situa\u00e7\u00e3o de pobreza e vulnerabilidade, tenham a oportunidade de desenvolver seu potencial desde os primeiros anos de vida por meio de experi\u00eancias significativas e ricas em intera\u00e7\u00f5es de qualidade, em casa, na creche e na pr\u00e9-escola.<\/p>\n\n\n\n<p>Nesse sentido, os governos reconheceram a import\u00e2ncia de investir na primeira inf\u00e2ncia. No entanto, ainda \u00e9 preciso obter qualidade nos servi\u00e7os em grande escala por meio da gera\u00e7\u00e3o de conhecimentos, articula\u00e7\u00e3o setorial, fortalecimento de redes e criatividade na concep\u00e7\u00e3o de programas inovadores e eficazes em termos de custo. O Hub de conhecimentos sobre desenvolvimento da Primeira Inf\u00e2ncia \u00e9 um esfor\u00e7o singular, que busca contribuir para esse prop\u00f3sito por meio de aprendizagem coletiva.<\/p>","protected":false},"excerpt":{"rendered":"<p>O Hub \u00e9 o primeiro site que re\u00fane e disponibiliza, em um \u00fanico local, aprendizagens e conhecimentos sobre a primeira inf\u00e2ncia produzidos na regi\u00e3o da Am\u00e9rica Latina e Caribe. Saiba mais!<\/p>","protected":false},"author":3,"featured_media":0,"parent":0,"template":"","meta":[],"class_list":["post-9420","noticias","type-noticias","status-publish","hentry"],"acf":[],"yoast_head":"<!-- This site is optimized with the Yoast SEO plugin v24.4 - https:\/\/yoast.com\/wordpress\/plugins\/seo\/ -->\n<title>Banco Interamericano de Desenvolvimento e parceiros lan\u00e7am Hub de Desenvolvimento da Primeira Inf\u00e2ncia - Funda\u00e7\u00e3o Maria Cecilia Souto Vidigal<\/title>\n<meta name=\"robots\" content=\"index, follow, max-snippet:-1, max-image-preview:large, max-video-preview:-1\" \/>\n<link rel=\"canonical\" href=\"https:\/\/fundacaomariacecilia.org.br\/en\/noticias\/bid-e-parceiros-lancam-hub-de-desenvolvimento-da-primeira-infancia\/\" \/>\n<meta property=\"og:locale\" content=\"en_US\" \/>\n<meta property=\"og:type\" content=\"article\" \/>\n<meta property=\"og:title\" content=\"Banco Interamericano de Desenvolvimento e parceiros lan\u00e7am Hub de Desenvolvimento da Primeira Inf\u00e2ncia - Funda\u00e7\u00e3o Maria Cecilia Souto Vidigal\" \/>\n<meta property=\"og:description\" content=\"O Hub \u00e9 o primeiro site que re\u00fane e disponibiliza, em um \u00fanico local, aprendizagens e conhecimentos sobre a primeira inf\u00e2ncia produzidos na regi\u00e3o da Am\u00e9rica Latina e Caribe. Saiba mais!\" \/>\n<meta property=\"og:url\" content=\"https:\/\/fundacaomariacecilia.org.br\/en\/noticias\/bid-e-parceiros-lancam-hub-de-desenvolvimento-da-primeira-infancia\/\" \/>\n<meta property=\"og:site_name\" content=\"Funda\u00e7\u00e3o Maria Cecilia Souto Vidigal\" \/>\n<meta property=\"article:publisher\" content=\"https:\/\/www.facebook.com\/FundacaoMariaCeciliaSoutoVidigal\/\" \/>\n<meta property=\"article:modified_time\" content=\"2025-01-13T03:13:00+00:00\" \/>\n<meta property=\"og:image\" content=\"https:\/\/fundacaomariacecilia.org.br\/wp-content\/uploads\/2024\/08\/crianca-primeira-infancia-webp.webp\" \/>\n<meta name=\"twitter:card\" content=\"summary_large_image\" \/>\n<meta name=\"twitter:label1\" content=\"Est. reading time\" \/>\n\t<meta name=\"twitter:data1\" content=\"3 minutes\" \/>\n<script type=\"application\/ld+json\" class=\"yoast-schema-graph\">{\"@context\":\"https:\/\/schema.org\",\"@graph\":[{\"@type\":\"WebPage\",\"@id\":\"https:\/\/fundacaomariacecilia.org.br\/noticias\/bid-e-parceiros-lancam-hub-de-desenvolvimento-da-primeira-infancia\/\",\"url\":\"https:\/\/fundacaomariacecilia.org.br\/noticias\/bid-e-parceiros-lancam-hub-de-desenvolvimento-da-primeira-infancia\/\",\"name\":\"Banco Interamericano de Desenvolvimento e parceiros lan\u00e7am Hub de Desenvolvimento da Primeira Inf\u00e2ncia - Funda\u00e7\u00e3o Maria Cecilia Souto Vidigal\",\"isPartOf\":{\"@id\":\"https:\/\/fundacaomariacecilia.org.br\/#website\"},\"primaryImageOfPage\":{\"@id\":\"https:\/\/fundacaomariacecilia.org.br\/noticias\/bid-e-parceiros-lancam-hub-de-desenvolvimento-da-primeira-infancia\/#primaryimage\"},\"image\":{\"@id\":\"https:\/\/fundacaomariacecilia.org.br\/noticias\/bid-e-parceiros-lancam-hub-de-desenvolvimento-da-primeira-infancia\/#primaryimage\"},\"thumbnailUrl\":\"https:\/\/fundacaomariacecilia.org.br\/wp-content\/uploads\/2024\/08\/crianca-primeira-infancia-webp.webp\",\"datePublished\":\"2020-09-25T17:33:00+00:00\",\"dateModified\":\"2025-01-13T03:13:00+00:00\",\"breadcrumb\":{\"@id\":\"https:\/\/fundacaomariacecilia.org.br\/noticias\/bid-e-parceiros-lancam-hub-de-desenvolvimento-da-primeira-infancia\/#breadcrumb\"},\"inLanguage\":\"en-US\",\"potentialAction\":[{\"@type\":\"ReadAction\",\"target\":[\"https:\/\/fundacaomariacecilia.org.br\/noticias\/bid-e-parceiros-lancam-hub-de-desenvolvimento-da-primeira-infancia\/\"]}]},{\"@type\":\"ImageObject\",\"inLanguage\":\"en-US\",\"@id\":\"https:\/\/fundacaomariacecilia.org.br\/noticias\/bid-e-parceiros-lancam-hub-de-desenvolvimento-da-primeira-infancia\/#primaryimage\",\"url\":\"https:\/\/fundacaomariacecilia.org.br\/wp-content\/uploads\/2024\/08\/crianca-primeira-infancia-webp.webp\",\"contentUrl\":\"https:\/\/fundacaomariacecilia.org.br\/wp-content\/uploads\/2024\/08\/crianca-primeira-infancia-webp.webp\"},{\"@type\":\"BreadcrumbList\",\"@id\":\"https:\/\/fundacaomariacecilia.org.br\/noticias\/bid-e-parceiros-lancam-hub-de-desenvolvimento-da-primeira-infancia\/#breadcrumb\",\"itemListElement\":[{\"@type\":\"ListItem\",\"position\":1,\"name\":\"In\u00edcio\",\"item\":\"https:\/\/fundacaomariacecilia.org.br\/\"},{\"@type\":\"ListItem\",\"position\":2,\"name\":\"Banco Interamericano de Desenvolvimento e parceiros lan\u00e7am Hub de Desenvolvimento da Primeira Inf\u00e2ncia\"}]},{\"@type\":\"WebSite\",\"@id\":\"https:\/\/fundacaomariacecilia.org.br\/#website\",\"url\":\"https:\/\/fundacaomariacecilia.org.br\/\",\"name\":\"Funda\u00e7\u00e3o Maria Cecilia Souto Vidigal\",\"description\":\"Cuidar de cada crian\u00e7a \u00e9 cuidar do pa\u00eds inteiro\",\"publisher\":{\"@id\":\"https:\/\/fundacaomariacecilia.org.br\/#organization\"},\"potentialAction\":[{\"@type\":\"SearchAction\",\"target\":{\"@type\":\"EntryPoint\",\"urlTemplate\":\"https:\/\/fundacaomariacecilia.org.br\/?s={search_term_string}\"},\"query-input\":{\"@type\":\"PropertyValueSpecification\",\"valueRequired\":true,\"valueName\":\"search_term_string\"}}],\"inLanguage\":\"en-US\"},{\"@type\":\"Organization\",\"@id\":\"https:\/\/fundacaomariacecilia.org.br\/#organization\",\"name\":\"Funda\u00e7\u00e3o Maria Cecilia Souto Vidigal\",\"url\":\"https:\/\/fundacaomariacecilia.org.br\/\",\"logo\":{\"@type\":\"ImageObject\",\"inLanguage\":\"en-US\",\"@id\":\"https:\/\/fundacaomariacecilia.org.br\/#\/schema\/logo\/image\/\",\"url\":\"https:\/\/fundacaomariacecilia.org.br\/wp-content\/uploads\/2024\/04\/Logo.svg\",\"contentUrl\":\"https:\/\/fundacaomariacecilia.org.br\/wp-content\/uploads\/2024\/04\/Logo.svg\",\"caption\":\"Funda\u00e7\u00e3o Maria Cecilia Souto Vidigal\"},\"image\":{\"@id\":\"https:\/\/fundacaomariacecilia.org.br\/#\/schema\/logo\/image\/\"},\"sameAs\":[\"https:\/\/www.facebook.com\/FundacaoMariaCeciliaSoutoVidigal\/\",\"https:\/\/www.linkedin.com\/company\/fmcsv\/\",\"https:\/\/www.instagram.com\/fundacaomariacecilia\/\"]}]}<\/script>\n<!-- \/ Yoast SEO plugin. -->","yoast_head_json":{"title":"Banco Interamericano de Desenvolvimento e parceiros lan\u00e7am Hub de Desenvolvimento da Primeira Inf\u00e2ncia - Funda\u00e7\u00e3o Maria Cecilia Souto Vidigal","robots":{"index":"index","follow":"follow","max-snippet":"max-snippet:-1","max-image-preview":"max-image-preview:large","max-video-preview":"max-video-preview:-1"},"canonical":"https:\/\/fundacaomariacecilia.org.br\/en\/noticias\/bid-e-parceiros-lancam-hub-de-desenvolvimento-da-primeira-infancia\/","og_locale":"en_US","og_type":"article","og_title":"Banco Interamericano de Desenvolvimento e parceiros lan\u00e7am Hub de Desenvolvimento da Primeira Inf\u00e2ncia - Funda\u00e7\u00e3o Maria Cecilia Souto Vidigal","og_description":"O Hub \u00e9 o primeiro site que re\u00fane e disponibiliza, em um \u00fanico local, aprendizagens e conhecimentos sobre a primeira inf\u00e2ncia produzidos na regi\u00e3o da Am\u00e9rica Latina e Caribe. Saiba mais!","og_url":"https:\/\/fundacaomariacecilia.org.br\/en\/noticias\/bid-e-parceiros-lancam-hub-de-desenvolvimento-da-primeira-infancia\/","og_site_name":"Funda\u00e7\u00e3o Maria Cecilia Souto Vidigal","article_publisher":"https:\/\/www.facebook.com\/FundacaoMariaCeciliaSoutoVidigal\/","article_modified_time":"2025-01-13T03:13:00+00:00","og_image":[{"url":"https:\/\/fundacaomariacecilia.org.br\/wp-content\/uploads\/2024\/08\/crianca-primeira-infancia-webp.webp","type":"","width":"","height":""}],"twitter_card":"summary_large_image","twitter_misc":{"Est. reading time":"3 minutes"},"schema":{"@context":"https:\/\/schema.org","@graph":[{"@type":"WebPage","@id":"https:\/\/fundacaomariacecilia.org.br\/noticias\/bid-e-parceiros-lancam-hub-de-desenvolvimento-da-primeira-infancia\/","url":"https:\/\/fundacaomariacecilia.org.br\/noticias\/bid-e-parceiros-lancam-hub-de-desenvolvimento-da-primeira-infancia\/","name":"Banco Interamericano de Desenvolvimento e parceiros lan\u00e7am Hub de Desenvolvimento da Primeira Inf\u00e2ncia - Funda\u00e7\u00e3o Maria Cecilia Souto Vidigal","isPartOf":{"@id":"https:\/\/fundacaomariacecilia.org.br\/#website"},"primaryImageOfPage":{"@id":"https:\/\/fundacaomariacecilia.org.br\/noticias\/bid-e-parceiros-lancam-hub-de-desenvolvimento-da-primeira-infancia\/#primaryimage"},"image":{"@id":"https:\/\/fundacaomariacecilia.org.br\/noticias\/bid-e-parceiros-lancam-hub-de-desenvolvimento-da-primeira-infancia\/#primaryimage"},"thumbnailUrl":"https:\/\/fundacaomariacecilia.org.br\/wp-content\/uploads\/2024\/08\/crianca-primeira-infancia-webp.webp","datePublished":"2020-09-25T17:33:00+00:00","dateModified":"2025-01-13T03:13:00+00:00","breadcrumb":{"@id":"https:\/\/fundacaomariacecilia.org.br\/noticias\/bid-e-parceiros-lancam-hub-de-desenvolvimento-da-primeira-infancia\/#breadcrumb"},"inLanguage":"en-US","potentialAction":[{"@type":"ReadAction","target":["https:\/\/fundacaomariacecilia.org.br\/noticias\/bid-e-parceiros-lancam-hub-de-desenvolvimento-da-primeira-infancia\/"]}]},{"@type":"ImageObject","inLanguage":"en-US","@id":"https:\/\/fundacaomariacecilia.org.br\/noticias\/bid-e-parceiros-lancam-hub-de-desenvolvimento-da-primeira-infancia\/#primaryimage","url":"https:\/\/fundacaomariacecilia.org.br\/wp-content\/uploads\/2024\/08\/crianca-primeira-infancia-webp.webp","contentUrl":"https:\/\/fundacaomariacecilia.org.br\/wp-content\/uploads\/2024\/08\/crianca-primeira-infancia-webp.webp"},{"@type":"BreadcrumbList","@id":"https:\/\/fundacaomariacecilia.org.br\/noticias\/bid-e-parceiros-lancam-hub-de-desenvolvimento-da-primeira-infancia\/#breadcrumb","itemListElement":[{"@type":"ListItem","position":1,"name":"In\u00edcio","item":"https:\/\/fundacaomariacecilia.org.br\/"},{"@type":"ListItem","position":2,"name":"Banco Interamericano de Desenvolvimento e parceiros lan\u00e7am Hub de Desenvolvimento da Primeira Inf\u00e2ncia"}]},{"@type":"WebSite","@id":"https:\/\/fundacaomariacecilia.org.br\/#website","url":"https:\/\/fundacaomariacecilia.org.br\/","name":"Funda\u00e7\u00e3o Maria Cecilia Souto Vidigal","description":"Caring for every child is caring for the whole country","publisher":{"@id":"https:\/\/fundacaomariacecilia.org.br\/#organization"},"potentialAction":[{"@type":"SearchAction","target":{"@type":"EntryPoint","urlTemplate":"https:\/\/fundacaomariacecilia.org.br\/?s={search_term_string}"},"query-input":{"@type":"PropertyValueSpecification","valueRequired":true,"valueName":"search_term_string"}}],"inLanguage":"en-US"},{"@type":"Organization","@id":"https:\/\/fundacaomariacecilia.org.br\/#organization","name":"Funda\u00e7\u00e3o Maria Cecilia Souto Vidigal","url":"https:\/\/fundacaomariacecilia.org.br\/","logo":{"@type":"ImageObject","inLanguage":"en-US","@id":"https:\/\/fundacaomariacecilia.org.br\/#\/schema\/logo\/image\/","url":"https:\/\/fundacaomariacecilia.org.br\/wp-content\/uploads\/2024\/04\/Logo.svg","contentUrl":"https:\/\/fundacaomariacecilia.org.br\/wp-content\/uploads\/2024\/04\/Logo.svg","caption":"Funda\u00e7\u00e3o Maria Cecilia Souto Vidigal"},"image":{"@id":"https:\/\/fundacaomariacecilia.org.br\/#\/schema\/logo\/image\/"},"sameAs":["https:\/\/www.facebook.com\/FundacaoMariaCeciliaSoutoVidigal\/","https:\/\/www.linkedin.com\/company\/fmcsv\/","https:\/\/www.instagram.com\/fundacaomariacecilia\/"]}]}},"_links":{"self":[{"href":"https:\/\/fundacaomariacecilia.org.br\/en\/wp-json\/wp\/v2\/noticias\/9420"}],"collection":[{"href":"https:\/\/fundacaomariacecilia.org.br\/en\/wp-json\/wp\/v2\/noticias"}],"about":[{"href":"https:\/\/fundacaomariacecilia.org.br\/en\/wp-json\/wp\/v2\/types\/noticias"}],"author":[{"embeddable":true,"href":"https:\/\/fundacaomariacecilia.org.br\/en\/wp-json\/wp\/v2\/users\/3"}],"wp:attachment":[{"href":"https:\/\/fundacaomariacecilia.org.br\/en\/wp-json\/wp\/v2\/media?parent=9420"}],"curies":[{"name":"wp","href":"https:\/\/api.w.org\/{rel}","templated":true}]}}